{"id":203,"date":"2020-08-15T03:12:26","date_gmt":"2020-08-15T03:12:26","guid":{"rendered":"https:\/\/web.lavereda.com.mx\/?p=203"},"modified":"2020-08-15T03:12:26","modified_gmt":"2020-08-15T03:12:26","slug":"raul-salazar-gutierrez-ofrece-recital-de-piano","status":"publish","type":"post","link":"https:\/\/lavereda.com.mx\/index.php\/2020\/08\/15\/raul-salazar-gutierrez-ofrece-recital-de-piano\/","title":{"rendered":"Ra\u00fal Salazar Guti\u00e9rrez ofrece recital de piano"},"content":{"rendered":"\n<p>Alumno de la maestra Mariana Chabukiani y recientemente ganador del Premio Platino del \u201cForte International Music Competition\u201d en la Sala Weill de Carnegie Hall de Nueva York; Ra\u00fal Salazar Guti\u00e9rrez de 10 a\u00f1os de edad, presenta este domingo 23 de febrero un recital de piano.<\/p>\n\n\n\n<hr class=\"wp-block-separator\" id=\"system-readmore\"\/>\n\n\n\n<p>La cita es en la Casa Hist\u00f3rica Arocena a las 12:00 del d\u00eda con entrada libre. El joven m\u00fasico ofrecer\u00e1 un programa interpretando a los grandes maestros como&nbsp;Bach, Haydn, Chopin, Grieg, Debussy, entre otros.<\/p>\n\n\n\n<p>Ra\u00fal Salazar naci\u00f3 en Guadalajara, Jalisco el 21 de junio del 2009. A la edad de tres a\u00f1os, inici\u00f3 sus estudios de apreciaci\u00f3n musical y viol\u00edn y posteriormente de piano. A los siete a\u00f1os, formaliz\u00f3 sus estudios pian\u00edsticos con la Maestra Mariana Chabukiani en Torre\u00f3n, Coahuila. Ha presentado recitales en el Museo Arocena y en el Teatro Isauro Mart\u00ednez.&nbsp;<\/p>\n\n\n\n<p>Ha participado en los siguientes concursos:<\/p>\n\n\n\n<p>Primer lugar \u201cXI Concurso Nacional Abierto de J\u00f3venes Pianistas Parnass\u00f3s\u201d Mejor interpretaci\u00f3n de obra obligatoria y tercer lugar \u201cIII Concurso Nacional Infantil de Piano Cedros UP- Yamaha\u201d<br>Primer lugar \u201cIV Concurso Nacional Infantil de Piano Cedros UP- Yamaha\u201d, Primer lugar \u201cPrimer Concurso Internacional Cuervo- Petrof\u201d<br>Segundo lugar \u201cXV Concurso Internacional Infantil y Juvenil de Piano \u201cVillahermosa\u201d<br>Premio Platino, Medalla de Oro, Mejor t\u00e9cnica \u201c10th anniversary, Forte International Music Competition\u201d en la Sala Weill de Carnegie Hall.<\/p>\n\n\n\n<p>Adem\u00e1s ha participado en varios festivales en donde ha tomado clases magistrales con Eduardo Delgado, Anatoly Zatin, Anastasia Markina y Vladislav Kovalsky entre otros.&nbsp;<\/p>\n","protected":false},"excerpt":{"rendered":"<p>Alumno de la maestra Mariana Chabukiani y recientemente ganador del Premio Platino del \u201cForte International Music Competition\u201d en la Sala Weill de Carnegie Hall de Nueva York; Ra\u00fal Salazar Guti\u00e9rrez de 10 a\u00f1os de edad, presenta este domingo 23 de febrero un recital de piano.<\/p>\n","protected":false},"author":1,"featured_media":194,"comment_status":"open","ping_status":"open","sticky":false,"template":"","format":"standard","meta":{"footnotes":""},"categories":[4],"tags":[],"class_list":["post-203","post","type-post","status-publish","format-standard","has-post-thumbnail","hentry","category-musica","entry"],"_links":{"self":[{"href":"https:\/\/lavereda.com.mx\/index.php\/wp-json\/wp\/v2\/posts\/203","targetHints":{"allow":["GET"]}}],"collection":[{"href":"https:\/\/lavereda.com.mx\/index.php\/wp-json\/wp\/v2\/posts"}],"about":[{"href":"https:\/\/lavereda.com.mx\/index.php\/wp-json\/wp\/v2\/types\/post"}],"author":[{"embeddable":true,"href":"https:\/\/lavereda.com.mx\/index.php\/wp-json\/wp\/v2\/users\/1"}],"replies":[{"embeddable":true,"href":"https:\/\/lavereda.com.mx\/index.php\/wp-json\/wp\/v2\/comments?post=203"}],"version-history":[{"count":1,"href":"https:\/\/lavereda.com.mx\/index.php\/wp-json\/wp\/v2\/posts\/203\/revisions"}],"predecessor-version":[{"id":204,"href":"https:\/\/lavereda.com.mx\/index.php\/wp-json\/wp\/v2\/posts\/203\/revisions\/204"}],"wp:featuredmedia":[{"embeddable":true,"href":"https:\/\/lavereda.com.mx\/index.php\/wp-json\/wp\/v2\/media\/194"}],"wp:attachment":[{"href":"https:\/\/lavereda.com.mx\/index.php\/wp-json\/wp\/v2\/media?parent=203"}],"wp:term":[{"taxonomy":"category","embeddable":true,"href":"https:\/\/lavereda.com.mx\/index.php\/wp-json\/wp\/v2\/categories?post=203"},{"taxonomy":"post_tag","embeddable":true,"href":"https:\/\/lavereda.com.mx\/index.php\/wp-json\/wp\/v2\/tags?post=203"}],"curies":[{"name":"wp","href":"https:\/\/api.w.org\/{rel}","templated":true}]}}