{"id":2028,"date":"2021-08-09T17:02:09","date_gmt":"2021-08-09T17:02:09","guid":{"rendered":"http:\/\/lavereda.com.mx\/?p=2028"},"modified":"2021-08-09T17:32:40","modified_gmt":"2021-08-09T17:32:40","slug":"el-centro-de-idiomas-de-la-uadec-unidad-torreon-ofrece-una-atractiva-iniciativa-para-aprender-ingles","status":"publish","type":"post","link":"https:\/\/lavereda.com.mx\/index.php\/2021\/08\/09\/el-centro-de-idiomas-de-la-uadec-unidad-torreon-ofrece-una-atractiva-iniciativa-para-aprender-ingles\/","title":{"rendered":"El Centro de Idiomas de la UA de C Unidad inicia cursos con inscripci\u00f3n gratuita"},"content":{"rendered":"\n<p>El Centro de Idiomas de la Universidad Aut\u00f3noma de Coahuila, est\u00e1 ofreciendo una atractiva iniciativa para aprender otra lengua, para ello menciona la actual coordinadora del CI, Brenda Fraire Dom\u00ednguez, que ser\u00e1 sin costo alguno en la inscripci\u00f3n.<\/p>\n\n\n\n<p>El Centro de Idiomas (CI) se encuentra en pleno proceso de registro de quienes deseen iniciar este mes sus cursos en los diferentes idiomas, incluyendo el espa\u00f1ol para extranjeros. Se inform\u00f3 que autorizaron la apertura de grupos con un m\u00e1ximo de 12 alumnos(as), para los niveles 1 y 2, en las clases que inician este mes de agosto.<\/p>\n\n\n\n<p>Por ahora, el plantel suma 850 estudiantes, en sus distintos niveles (\u00e9stos son 15), y tomar\u00e1n las clases tanto en forma presencial como en l\u00ednea. <\/p>\n\n\n\n<p>La UAdeC ofrece el aprendizaje de estos idiomas extranjeros en Torre\u00f3n, San Pedro, Monclova, Saltillo y Piedras Negras, lo que de alguna forma se refleja al tener un 80 por ciento de su alumnado entre personas que no son alumnas de la instituci\u00f3n, pero que hace que su calidad acad\u00e9mica se considere de muy buena calidad.<\/p>\n\n\n\n<p>Brenda Fraire dijo que al menos hoy, el Centro de Idiomas es el \u00fanico en su tipo en ofrecer m\u00e1s clases de idiomas en l\u00ednea, lo que no ha imposibilitado que, aun con las restricciones por la crisis sanitaria, se impartan clases en las aulas, \u201cpues es fundamental la interacci\u00f3n para un mejor aprovechamiento\u201d.<\/p>\n\n\n\n<p>Se a\u00f1adi\u00f3 que para las y los ni\u00f1os que son estudiantes del CI, se han realizado reuniones con sus padres, a fin de que conozcan las instalaciones, y que sepan las medidas obligatorias que atienden por la pandemia actualmente.<\/p>\n\n\n\n<p>Para solicitar informes, puedes comunicarte a los siguientes &nbsp;tel\u00e9fonos 8711-56-63-54 y 8711-11-12-41. O bien en sus redes sociales (Facebook, Instagram, twiter).<\/p>\n","protected":false},"excerpt":{"rendered":"<p>El Centro de Idiomas de la Universidad Aut\u00f3noma de Coahuila, est\u00e1 ofreciendo una atractiva iniciativa para aprender otra lengua, para ello menciona la actual coordinadora del CI, Brenda Fraire Dom\u00ednguez, &hellip; <a href=\"https:\/\/lavereda.com.mx\/index.php\/2021\/08\/09\/el-centro-de-idiomas-de-la-uadec-unidad-torreon-ofrece-una-atractiva-iniciativa-para-aprender-ingles\/\" class=\"more-link\">Leer m\u00e1s<\/a><\/p>\n","protected":false},"author":1,"featured_media":2029,"comment_status":"open","ping_status":"open","sticky":false,"template":"","format":"standard","meta":{"footnotes":""},"categories":[18,8],"tags":[],"class_list":["post-2028","post","type-post","status-publish","format-standard","has-post-thumbnail","hentry","category-lomasrelevante","category-sociedad","entry"],"_links":{"self":[{"href":"https:\/\/lavereda.com.mx\/index.php\/wp-json\/wp\/v2\/posts\/2028","targetHints":{"allow":["GET"]}}],"collection":[{"href":"https:\/\/lavereda.com.mx\/index.php\/wp-json\/wp\/v2\/posts"}],"about":[{"href":"https:\/\/lavereda.com.mx\/index.php\/wp-json\/wp\/v2\/types\/post"}],"author":[{"embeddable":true,"href":"https:\/\/lavereda.com.mx\/index.php\/wp-json\/wp\/v2\/users\/1"}],"replies":[{"embeddable":true,"href":"https:\/\/lavereda.com.mx\/index.php\/wp-json\/wp\/v2\/comments?post=2028"}],"version-history":[{"count":3,"href":"https:\/\/lavereda.com.mx\/index.php\/wp-json\/wp\/v2\/posts\/2028\/revisions"}],"predecessor-version":[{"id":2032,"href":"https:\/\/lavereda.com.mx\/index.php\/wp-json\/wp\/v2\/posts\/2028\/revisions\/2032"}],"wp:featuredmedia":[{"embeddable":true,"href":"https:\/\/lavereda.com.mx\/index.php\/wp-json\/wp\/v2\/media\/2029"}],"wp:attachment":[{"href":"https:\/\/lavereda.com.mx\/index.php\/wp-json\/wp\/v2\/media?parent=2028"}],"wp:term":[{"taxonomy":"category","embeddable":true,"href":"https:\/\/lavereda.com.mx\/index.php\/wp-json\/wp\/v2\/categories?post=2028"},{"taxonomy":"post_tag","embeddable":true,"href":"https:\/\/lavereda.com.mx\/index.php\/wp-json\/wp\/v2\/tags?post=2028"}],"curies":[{"name":"wp","href":"https:\/\/api.w.org\/{rel}","templated":true}]}}