{"id":2016,"date":"2021-08-06T16:47:45","date_gmt":"2021-08-06T16:47:45","guid":{"rendered":"http:\/\/lavereda.com.mx\/?p=2016"},"modified":"2021-08-06T16:47:47","modified_gmt":"2021-08-06T16:47:47","slug":"la-seleccion-mexicana-suma-medalla-de-bronce-el-tri-de-lozano-conquisto-el-tercer-lugar-tras-vencer-a-japon-por-3-1","status":"publish","type":"post","link":"https:\/\/lavereda.com.mx\/index.php\/2021\/08\/06\/la-seleccion-mexicana-suma-medalla-de-bronce-el-tri-de-lozano-conquisto-el-tercer-lugar-tras-vencer-a-japon-por-3-1\/","title":{"rendered":"La selecci\u00f3n mexicana suma medalla de bronce, el tri de Lozano conquist\u00f3 el tercer lugar tras vencer a Jap\u00f3n por 3-1."},"content":{"rendered":"\n<p>La Selecci\u00f3n mexicana de Jaime Lozano<strong> <\/strong>se llev\u00f3 la medalla de bronce en los&nbsp; Juegos Ol\u00edmpicos de Tokio 2021, luego de vencer a Jap\u00f3n quedando en un marcador de 3-1 en el partido por el tercer lugar.<\/p>\n\n\n\n<p>M\u00e9xico sali\u00f3 a jugar como si fuera por el oro desde la primera mitad, lo que caus\u00f3 que el cuadro japon\u00e9s, se saliera de \u00f3rbita y por conducto de<strong> <\/strong>Yasuhito Endo, el \u00e1rbitro marca penal a favor de Tricolor que es cobrado desde los 11 pasos por <strong>Sebasti\u00e1n C\u00f3rdova<\/strong>, anotando el primer Gol a favor del tri.<\/p>\n\n\n\n<p>No conforme la selecci\u00f3n mexicana <strong>logr\u00f3 el 2-0 <\/strong>a pase de C\u00f3rdova que env\u00eda el bal\u00f3n al coraz\u00f3n del \u00e1rea, que remata<strong> Johan V\u00e1squez<\/strong> de cabeza para mandarla al fondo de las redes al minuto 21. Con el marcador a favor, M\u00e9xico se fue al descanso con la firme convicci\u00f3n de lograr la victoria.<\/p>\n\n\n\n<p>En la segunda mitad del partido, corr\u00eda el minuto 56 y una jugada de dupla entre La\u00ednez y C\u00f3rdova provoc\u00f3 peligro en el \u00e1rea nipona. Cae el tercer tanto tricolor desde el tiro de esquina.<\/p>\n\n\n\n<p>Alexis Vega remat\u00f3 solo en el \u00e1rea japonesa y pone al Tri con una ventaja casi inalcanzable. Previo al tercer gol, M\u00e9xico recibi\u00f3 malas noticias, pues Diego L\u00e1inez se fue lesionado de la cancha luego de un choque de tobillos contra un jugador japon\u00e9s.<\/p>\n\n\n\n<p style=\"font-size:9px\">Fuentes: infoabe, el financiero<\/p>\n","protected":false},"excerpt":{"rendered":"<p>La Selecci\u00f3n mexicana de Jaime Lozano se llev\u00f3 la medalla de bronce en los&nbsp; Juegos Ol\u00edmpicos de Tokio 2021, luego de vencer a Jap\u00f3n quedando en un marcador de 3-1 &hellip; <a href=\"https:\/\/lavereda.com.mx\/index.php\/2021\/08\/06\/la-seleccion-mexicana-suma-medalla-de-bronce-el-tri-de-lozano-conquisto-el-tercer-lugar-tras-vencer-a-japon-por-3-1\/\" class=\"more-link\">Leer m\u00e1s<\/a><\/p>\n","protected":false},"author":14,"featured_media":2017,"comment_status":"open","ping_status":"open","sticky":false,"template":"","format":"standard","meta":{"footnotes":""},"categories":[18,8],"tags":[],"class_list":["post-2016","post","type-post","status-publish","format-standard","has-post-thumbnail","hentry","category-lomasrelevante","category-sociedad","entry"],"_links":{"self":[{"href":"https:\/\/lavereda.com.mx\/index.php\/wp-json\/wp\/v2\/posts\/2016","targetHints":{"allow":["GET"]}}],"collection":[{"href":"https:\/\/lavereda.com.mx\/index.php\/wp-json\/wp\/v2\/posts"}],"about":[{"href":"https:\/\/lavereda.com.mx\/index.php\/wp-json\/wp\/v2\/types\/post"}],"author":[{"embeddable":true,"href":"https:\/\/lavereda.com.mx\/index.php\/wp-json\/wp\/v2\/users\/14"}],"replies":[{"embeddable":true,"href":"https:\/\/lavereda.com.mx\/index.php\/wp-json\/wp\/v2\/comments?post=2016"}],"version-history":[{"count":3,"href":"https:\/\/lavereda.com.mx\/index.php\/wp-json\/wp\/v2\/posts\/2016\/revisions"}],"predecessor-version":[{"id":2020,"href":"https:\/\/lavereda.com.mx\/index.php\/wp-json\/wp\/v2\/posts\/2016\/revisions\/2020"}],"wp:featuredmedia":[{"embeddable":true,"href":"https:\/\/lavereda.com.mx\/index.php\/wp-json\/wp\/v2\/media\/2017"}],"wp:attachment":[{"href":"https:\/\/lavereda.com.mx\/index.php\/wp-json\/wp\/v2\/media?parent=2016"}],"wp:term":[{"taxonomy":"category","embeddable":true,"href":"https:\/\/lavereda.com.mx\/index.php\/wp-json\/wp\/v2\/categories?post=2016"},{"taxonomy":"post_tag","embeddable":true,"href":"https:\/\/lavereda.com.mx\/index.php\/wp-json\/wp\/v2\/tags?post=2016"}],"curies":[{"name":"wp","href":"https:\/\/api.w.org\/{rel}","templated":true}]}}