{"id":201,"date":"2020-08-15T03:11:03","date_gmt":"2020-08-15T03:11:03","guid":{"rendered":"https:\/\/web.lavereda.com.mx\/?p=201"},"modified":"2020-08-15T03:11:03","modified_gmt":"2020-08-15T03:11:03","slug":"camerata-de-coahuila-lanza-dos-nuevos-discos","status":"publish","type":"post","link":"https:\/\/lavereda.com.mx\/index.php\/2020\/08\/15\/camerata-de-coahuila-lanza-dos-nuevos-discos\/","title":{"rendered":"Camerata de Coahuila lanza dos nuevos discos"},"content":{"rendered":"\n<p>La Camerata de Coahuila dio a conocer ayer el lanzamiento de dos nuevos discos.&nbsp;El primero de ellos es \u201cCamerata de Coahuila\u201d, con la participaci\u00f3n de Arturo M\u00e1rquez, Manuel de El\u00edas y Eduardo Angulo, y por otra parte el de \u201cMusic for Violin &amp;Viola\u201d, de Mozart, Bruch y Pleyel.<\/p>\n\n\n\n<hr class=\"wp-block-separator\" id=\"system-readmore\"\/>\n\n\n\n<p>Patricia Rueda Alvr\u00eddez, gerente general de la Camerata de Coahuila, detall\u00f3 que estos discos son una coronaci\u00f3n de las temporadas, y que son principalmente apoyados por la Administraci\u00f3n que encabeza el gobernador Miguel \u00c1ngel Riquelme Sol\u00eds.<\/p>\n\n\n\n<p>\u201cGracias a eso se puede llegar a coronar las temporadas con estos discos, pues el Gobierno Estatal nos respalda en todo. Con festivales que nos dan mucha proyecci\u00f3n\u201d.<\/p>\n\n\n\n<p>En su momento Ram\u00f3n Shade Villarreal, director art\u00edstico, expres\u00f3 de estos discos que uno de ellos que se trata de m\u00fasica escrita para este conjunto art\u00edstico y por autores que viven, como es el caso del nombrado \u201cCamerata de Coahuila\u201d.<\/p>\n\n\n\n<p>De los participantes, explic\u00f3 que cada uno tiene sus talentos, como Arturo M\u00e1rquez, con sus famosos danzones, y de Eduardo Angulo, quien evidencia el Concierto para Clarinete.<\/p>\n\n\n\n<p>&nbsp;De la segunda composici\u00f3n, \u201cMusic for Violin &amp;Viola\u201d, de Mozart, Bruch y Pleyel, coment\u00f3 que es un \u00e1lbum que trae m\u00fasica para viol\u00edn y viola; y cont\u00f3 con la participaci\u00f3n del m\u00fasico y director Adolfo Alejo.<\/p>\n\n\n\n<p>Para \u00e9ste, se quiso que adem\u00e1s de m\u00fasica llevara im\u00e1genes alusivas a La Laguna, como un mural que est\u00e1 en la Universidad Aut\u00f3noma de Coahuila y otra de un plaf\u00f3n que est\u00e1 en el Teatro Isauro Mart\u00ednez.<\/p>\n\n\n\n<p>&nbsp;Asimismo, el periodista \u00c1ngel Reyna Cepeda, tambi\u00e9n promotor cultural, afirm\u00f3 que estos \u00e1lbumes son una joya musical para La Laguna, tierra que ha tenido la fortuna de contar con 25 a\u00f1os de Camerata.<\/p>\n\n\n\n<p>Hizo \u00e9nfasis en que en todos lados, cuando la cultura est\u00e1 viva, el mayor orgullo es la m\u00fasica y as\u00ed lo es este conjunto para la regi\u00f3n.&nbsp;Advirti\u00f3 que Los Cardencheros \u00abno deben de morir, pues su m\u00fasica es universal\u00bb, y por eso se les toma en cuenta para uno de los compendios.<\/p>\n\n\n\n<p>Subray\u00f3 que la Camerata ha hecho camino con trabajo, y regalar un ejemplar a un familiar o amigo es algo que agradecer\u00e1n.<\/p>\n\n\n\n<p>El costo por cada uno de los discos es de 150 pesos, y los laguneros los pueden adquirir en las oficinas de Camerata de Coahuila, ubicadas al interior del Teatro Nazas, o bien en Amazon, Spotify, Librer\u00edas Gandhi y la compa\u00f1\u00eda inglesa Cantos.<\/p>\n","protected":false},"excerpt":{"rendered":"<p>La Camerata de Coahuila dio a conocer ayer el lanzamiento de dos nuevos discos. El primero de ellos es \u201cCamerata de Coahuila\u201d, con la participaci\u00f3n de Arturo M\u00e1rquez, Manuel de El\u00edas y Eduardo Angulo, y por otra parte el de \u201cMusic for Violin &#038;Viola\u201d, de Mozart, Bruch y Pleyel.<\/p>\n","protected":false},"author":1,"featured_media":191,"comment_status":"open","ping_status":"open","sticky":false,"template":"","format":"standard","meta":{"footnotes":""},"categories":[4],"tags":[],"class_list":["post-201","post","type-post","status-publish","format-standard","has-post-thumbnail","hentry","category-musica","entry"],"_links":{"self":[{"href":"https:\/\/lavereda.com.mx\/index.php\/wp-json\/wp\/v2\/posts\/201","targetHints":{"allow":["GET"]}}],"collection":[{"href":"https:\/\/lavereda.com.mx\/index.php\/wp-json\/wp\/v2\/posts"}],"about":[{"href":"https:\/\/lavereda.com.mx\/index.php\/wp-json\/wp\/v2\/types\/post"}],"author":[{"embeddable":true,"href":"https:\/\/lavereda.com.mx\/index.php\/wp-json\/wp\/v2\/users\/1"}],"replies":[{"embeddable":true,"href":"https:\/\/lavereda.com.mx\/index.php\/wp-json\/wp\/v2\/comments?post=201"}],"version-history":[{"count":1,"href":"https:\/\/lavereda.com.mx\/index.php\/wp-json\/wp\/v2\/posts\/201\/revisions"}],"predecessor-version":[{"id":202,"href":"https:\/\/lavereda.com.mx\/index.php\/wp-json\/wp\/v2\/posts\/201\/revisions\/202"}],"wp:featuredmedia":[{"embeddable":true,"href":"https:\/\/lavereda.com.mx\/index.php\/wp-json\/wp\/v2\/media\/191"}],"wp:attachment":[{"href":"https:\/\/lavereda.com.mx\/index.php\/wp-json\/wp\/v2\/media?parent=201"}],"wp:term":[{"taxonomy":"category","embeddable":true,"href":"https:\/\/lavereda.com.mx\/index.php\/wp-json\/wp\/v2\/categories?post=201"},{"taxonomy":"post_tag","embeddable":true,"href":"https:\/\/lavereda.com.mx\/index.php\/wp-json\/wp\/v2\/tags?post=201"}],"curies":[{"name":"wp","href":"https:\/\/api.w.org\/{rel}","templated":true}]}}