{"id":2000,"date":"2021-08-05T16:02:23","date_gmt":"2021-08-05T16:02:23","guid":{"rendered":"http:\/\/lavereda.com.mx\/?p=2000"},"modified":"2021-08-05T18:11:58","modified_gmt":"2021-08-05T18:11:58","slug":"rincon-colorado-coahuila-es-zona-de-restos-de-dinosaurios","status":"publish","type":"post","link":"https:\/\/lavereda.com.mx\/index.php\/2021\/08\/05\/rincon-colorado-coahuila-es-zona-de-restos-de-dinosaurios\/","title":{"rendered":"Rinc\u00f3n Colorado, Coahuila es zona de restos de dinosaurios"},"content":{"rendered":"\n<p>Rinc\u00f3n Colorado forma parte ya de las 192 de zonas abiertas que se pueden visitar, de acuerdo con el INAH. Es la primera en Coahuila y la primera de car\u00e1cter paleontol\u00f3gico en el pa\u00eds.<\/p>\n\n\n\n<p>Es un lugar donde se ha descubierto una gran concentraci\u00f3n de restos de dinosaurios herb\u00edvoros, llamados hadrosaurios (Velafrons coahuilensis), que habitaron hace 72 millones de a\u00f1os.<\/p>\n\n\n\n<p>Adem\u00e1s se pueden encontrar vestigios de rocas y canteras ricas en f\u00f3siles marinos, de plantas e insectos.<\/p>\n\n\n\n<p>Lo anterior dio paso para crear el Museo del Desierto, donde se resguarda una parte de los f\u00f3siles originales, otros forman parte de los acervos de la UNAM.<\/p>\n\n\n\n<p>Para el recorrido, si est\u00e1s pensando en visitarlo, son alrededor de 1.7 kil\u00f3metros, donde podr\u00e1s apreciar el dep\u00f3sito y ver\u00e1s reproducciones fieles a los restos \u00f3seos de los hadrosaurios originales que, por motivos de conservaci\u00f3n, se encuentran bajo resguardo.<\/p>\n\n\n\n<p>Todo se lleva a cabo seg\u00fan los protocolos de sanidad con el fin de mantener una sana distancia, el uso de cubre bocas es importante, y uso de gel antibacterial.<\/p>\n\n\n\n<p>El horario de visita es de jueves a domingo de las 11:00 horas a las 16:00 horas (\u00daltimo acceso 15:00 horas), es gratuito pero con m\u00e1ximo de personas de 181 por d\u00eda<\/p>\n\n\n\n<p>En un recorrido estuvieron presentes el alcalde electo de General Cepeda, Pablo Salas Aguirre, y el vicepresidente de la Asociaci\u00f3n Mexicana de Hoteles y Hospedaje en Coahuila, Juan Carlos Saade Talam\u00e1s, entre otros.<\/p>\n\n\n\n<div class=\"wp-block-image\"><figure class=\"aligncenter size-large is-resized\"><img fetchpriority=\"high\" decoding=\"async\" src=\"https:\/\/lavereda.com.mx\/wp-content\/uploads\/2021\/08\/foto12-1.jpg\" alt=\"\" class=\"wp-image-2003\" width=\"510\" height=\"340\" srcset=\"https:\/\/lavereda.com.mx\/wp-content\/uploads\/2021\/08\/foto12-1.jpg 768w, https:\/\/lavereda.com.mx\/wp-content\/uploads\/2021\/08\/foto12-1-300x200.jpg 300w\" sizes=\"(max-width: 510px) 100vw, 510px\" \/><\/figure><\/div>\n\n\n\n<p>Las autoridades realizaron un recorrido por el que es considerado patrimonio cultural de la naci\u00f3n y zona natural protegida, que abri\u00f3 sus puertas al p\u00fablico el 21 de noviembre de 2018 en presencia del gobernador Miguel \u00c1ngel Riquelme. <\/p>\n\n\n\n<p style=\"font-size:7px\">Fuente: el heraldo de saltillo y Coahuila Turismo<\/p>\n","protected":false},"excerpt":{"rendered":"<p>Rinc\u00f3n Colorado forma parte ya de las 192 de zonas abiertas que se pueden visitar, de acuerdo con el INAH. Es la primera en Coahuila y la primera de car\u00e1cter &hellip; <a href=\"https:\/\/lavereda.com.mx\/index.php\/2021\/08\/05\/rincon-colorado-coahuila-es-zona-de-restos-de-dinosaurios\/\" class=\"more-link\">Leer m\u00e1s<\/a><\/p>\n","protected":false},"author":14,"featured_media":2001,"comment_status":"open","ping_status":"open","sticky":false,"template":"","format":"standard","meta":{"footnotes":""},"categories":[3,18],"tags":[],"class_list":["post-2000","post","type-post","status-publish","format-standard","has-post-thumbnail","hentry","category-artes-visuales","category-lomasrelevante","entry"],"_links":{"self":[{"href":"https:\/\/lavereda.com.mx\/index.php\/wp-json\/wp\/v2\/posts\/2000","targetHints":{"allow":["GET"]}}],"collection":[{"href":"https:\/\/lavereda.com.mx\/index.php\/wp-json\/wp\/v2\/posts"}],"about":[{"href":"https:\/\/lavereda.com.mx\/index.php\/wp-json\/wp\/v2\/types\/post"}],"author":[{"embeddable":true,"href":"https:\/\/lavereda.com.mx\/index.php\/wp-json\/wp\/v2\/users\/14"}],"replies":[{"embeddable":true,"href":"https:\/\/lavereda.com.mx\/index.php\/wp-json\/wp\/v2\/comments?post=2000"}],"version-history":[{"count":3,"href":"https:\/\/lavereda.com.mx\/index.php\/wp-json\/wp\/v2\/posts\/2000\/revisions"}],"predecessor-version":[{"id":2007,"href":"https:\/\/lavereda.com.mx\/index.php\/wp-json\/wp\/v2\/posts\/2000\/revisions\/2007"}],"wp:featuredmedia":[{"embeddable":true,"href":"https:\/\/lavereda.com.mx\/index.php\/wp-json\/wp\/v2\/media\/2001"}],"wp:attachment":[{"href":"https:\/\/lavereda.com.mx\/index.php\/wp-json\/wp\/v2\/media?parent=2000"}],"wp:term":[{"taxonomy":"category","embeddable":true,"href":"https:\/\/lavereda.com.mx\/index.php\/wp-json\/wp\/v2\/categories?post=2000"},{"taxonomy":"post_tag","embeddable":true,"href":"https:\/\/lavereda.com.mx\/index.php\/wp-json\/wp\/v2\/tags?post=2000"}],"curies":[{"name":"wp","href":"https:\/\/api.w.org\/{rel}","templated":true}]}}