{"id":1982,"date":"2021-08-02T23:43:43","date_gmt":"2021-08-02T23:43:43","guid":{"rendered":"http:\/\/lavereda.com.mx\/?p=1982"},"modified":"2021-08-03T02:32:53","modified_gmt":"2021-08-03T02:32:53","slug":"el-teatro-isauro-martinez-anuncia-cartelera-en-agosto","status":"publish","type":"post","link":"https:\/\/lavereda.com.mx\/index.php\/2021\/08\/02\/el-teatro-isauro-martinez-anuncia-cartelera-en-agosto\/","title":{"rendered":"El Teatro Isauro Mart\u00ednez anuncia cartelera en agosto"},"content":{"rendered":"\n<p>El Teatro Isauro Mart\u00ednez anunci\u00f3 las diferentes actividades culturales que se llevar\u00e1n a cabo en este mes, comenzando el mi\u00e9rcoles 4 de agosto en punto de las 7:00 pm de manera presencial con cupo limitado y en vivo por facebook,&nbsp;con el concierto de aniversario&nbsp; XXVI de la Sinfonietta de la Laguna&nbsp; y&nbsp; el colectivo Flamenkas&nbsp; (Shantal Vald\u00e9s Raquenel, Mariana Amaya Gardu\u00f1o&nbsp; e Idalia Silva Alem\u00e1n).<\/p>\n\n\n\n<p>A partir del 13 de agosto en horario de 10:00 am a 2:00 pm estar\u00e1 abierta al p\u00fablico la obra pict\u00f3rica En Pausa, de TTZARZAR, en la Galer\u00eda de Arte Contempor\u00e1neo del TIM<\/p>\n\n\n\n<p>Los d\u00edas 18 y 27 los alumnos del taller de Teatro a cargo de Alan Sarmiento vuelven a escena con la puesta \u201cEl mundo olvidado\u201d (para que no me olvides) de Ana Sof\u00eda V\u00e1zquez, ser\u00e1 a las 7:00 pm con cupo limitado.<\/p>\n\n\n\n<div class=\"wp-block-image\"><figure class=\"aligncenter size-large is-resized\"><img fetchpriority=\"high\" decoding=\"async\" src=\"https:\/\/lavereda.com.mx\/wp-content\/uploads\/2021\/08\/dfc7fa1c-b05f-4810-86c8-490b4cca7949-1024x768.jpg\" alt=\"\" class=\"wp-image-1983\" width=\"312\" height=\"233\"\/><\/figure><\/div>\n\n\n\n<p>E l Jueves 19 a las 8:30 pm se le rendir\u00e1 un homenaje a la Maestra Alicia Irigoyen en la que participan alumnos, amigos cantantes y m\u00fasicos de La Academia Superior de Canto, entre ellos la familia Irigoyen Pons. H\u00e9ctor, Alicia, Priscila, Joshua C\u00f3rdova.<\/p>\n\n\n\n<p>Para este evento que tambi\u00e9n ser\u00e1 trasmitido por Facebook live &nbsp;se permitir\u00e1 el acceso al p\u00fablico con cupo limitado, se estar\u00e1n dando pases de cortes\u00eda en las oficinas del teatro (en horario de 10 am a 2:00 pm) para tener un mejor control.<\/p>\n\n\n\n<p>Para cerrar el mes con las actividades el jueves 26 a las 7:30 pm se llevara cabo el Recital de piano y viol\u00edn a carago de la maestra&nbsp; Natalia Riazanova&nbsp; acompa\u00f1ada en el piano de Uliana Akatova, este evento tendr\u00e1 un costo de recuperaci\u00f3n y no ser\u00e1 trasmitido por Facebook, as\u00ed que aparta tu lugar.<\/p>\n\n\n\n<p>Para mayor informaci\u00f3n de estos eventos pueden llamar a las oficinas del teatro en horario de 10:00 am a 2:00pm de lunes a viernes o bien checar la cartelera por redes sociales.<\/p>\n","protected":false},"excerpt":{"rendered":"<p>El Teatro Isauro Mart\u00ednez anunci\u00f3 las diferentes actividades culturales que se llevar\u00e1n a cabo en este mes, comenzando el mi\u00e9rcoles 4 de agosto en punto de las 7:00 pm de &hellip; <a href=\"https:\/\/lavereda.com.mx\/index.php\/2021\/08\/02\/el-teatro-isauro-martinez-anuncia-cartelera-en-agosto\/\" class=\"more-link\">Leer m\u00e1s<\/a><\/p>\n","protected":false},"author":1,"featured_media":1985,"comment_status":"open","ping_status":"open","sticky":false,"template":"","format":"standard","meta":{"footnotes":""},"categories":[2,7,18],"tags":[],"class_list":["post-1982","post","type-post","status-publish","format-standard","has-post-thumbnail","hentry","category-artes-escenicas","category-entretenimiento","category-lomasrelevante","entry"],"_links":{"self":[{"href":"https:\/\/lavereda.com.mx\/index.php\/wp-json\/wp\/v2\/posts\/1982","targetHints":{"allow":["GET"]}}],"collection":[{"href":"https:\/\/lavereda.com.mx\/index.php\/wp-json\/wp\/v2\/posts"}],"about":[{"href":"https:\/\/lavereda.com.mx\/index.php\/wp-json\/wp\/v2\/types\/post"}],"author":[{"embeddable":true,"href":"https:\/\/lavereda.com.mx\/index.php\/wp-json\/wp\/v2\/users\/1"}],"replies":[{"embeddable":true,"href":"https:\/\/lavereda.com.mx\/index.php\/wp-json\/wp\/v2\/comments?post=1982"}],"version-history":[{"count":5,"href":"https:\/\/lavereda.com.mx\/index.php\/wp-json\/wp\/v2\/posts\/1982\/revisions"}],"predecessor-version":[{"id":1991,"href":"https:\/\/lavereda.com.mx\/index.php\/wp-json\/wp\/v2\/posts\/1982\/revisions\/1991"}],"wp:featuredmedia":[{"embeddable":true,"href":"https:\/\/lavereda.com.mx\/index.php\/wp-json\/wp\/v2\/media\/1985"}],"wp:attachment":[{"href":"https:\/\/lavereda.com.mx\/index.php\/wp-json\/wp\/v2\/media?parent=1982"}],"wp:term":[{"taxonomy":"category","embeddable":true,"href":"https:\/\/lavereda.com.mx\/index.php\/wp-json\/wp\/v2\/categories?post=1982"},{"taxonomy":"post_tag","embeddable":true,"href":"https:\/\/lavereda.com.mx\/index.php\/wp-json\/wp\/v2\/tags?post=1982"}],"curies":[{"name":"wp","href":"https:\/\/api.w.org\/{rel}","templated":true}]}}