{"id":1978,"date":"2021-08-02T15:35:40","date_gmt":"2021-08-02T15:35:40","guid":{"rendered":"http:\/\/lavereda.com.mx\/?p=1978"},"modified":"2021-08-02T16:04:04","modified_gmt":"2021-08-02T16:04:04","slug":"bitacora-de-vuelos-ediciones-suma-siete-ebooks-mas-a-su-catalogo","status":"publish","type":"post","link":"https:\/\/lavereda.com.mx\/index.php\/2021\/08\/02\/bitacora-de-vuelos-ediciones-suma-siete-ebooks-mas-a-su-catalogo\/","title":{"rendered":"Bit\u00e1cora de vuelos ediciones suma siete ebooks m\u00e1s a su cat\u00e1logo"},"content":{"rendered":"\n<p>Siete libros m\u00e1s completan el cat\u00e1logo de Bit\u00e1cora de vuelos ediciones. Nadia Contreras, directora y fundadora de este proyecto editorial mencion\u00f3 al respecto: \u201cCon mucho esfuerzo y de la mano de las autoras y los autores, hemos avanzado en la difusi\u00f3n de la literatura principalmente de nuestro pa\u00eds\u201d.<\/p>\n\n\n\n<p><strong>Bit\u00e1cora de vuelos ediciones<\/strong> comenz\u00f3 en 2014 y hasta el d\u00eda de hoy cuentan con alrededor de 46 publicaciones electr\u00f3nicas, con un enfoque preferente en la poes\u00eda. &nbsp;\u201cSe habla de libros que tienen presencia en las diferentes librer\u00edas digitales del mundo. Muchos otros ebooks son de distribuci\u00f3n gratuita, o bien, se encuentran descatalogados\u201d. Se tienen varias publicaciones en puerta, comenta Nadia: \u201cestamos trabajando ya los libros que corresponden al Premio Internacional Bit\u00e1cora de vuelos ediciones, 2020. De poes\u00eda, <em>De mis manos caer\u00e1n las piedras<\/em>, de Diego Armando Montes Rosendo; <em>Este lugar que soy<\/em>, de Lilia Ram\u00edrez; y de cuento, <em>Horrores<\/em>, de Mart\u00edn Alejandro Morales Garza. Tambi\u00e9n se trabaja en los libros de Juan F\u00e9lix Barbosa, Margarita Aguilar, Beatriz Saavedra, Krishna Naranjo Zavala, entre otros\u201d.<\/p>\n\n\n\n<p>Los siete nuevos t\u00edtulos que se agregan al cat\u00e1logo de la editorial son: de novela, <strong><em>Alma sin piel<\/em><\/strong>, de Ruth P\u00e9rez Aguirre, en donde se narra la vida de \u00d3scar, un ni\u00f1o nacido al un\u00edsono de la desgracia. <strong><em>El Tiznado<\/em><\/strong>, de Juli\u00e1n Mitre, un compendio de una amplia gama de leyendas, y el concepto de poderes m\u00e1gicos, brujer\u00eda y el milagro de los santos, hacen presencia de forma casi cotidiana. <strong><em>Algo roto, algo quemado y algo negro<\/em><\/strong> de Alma Karla Sandoval, ebook de poes\u00eda, que nos lleva por un viaje desde lo particular a lo general, por medio de un verso libre, fluido y disfrutable en cada momento. En el mismo rubro del poema, en <strong><em>Eterno <\/em>retorno<\/strong>, de Enrique Dimas, el tiempo, la espera, los mitos de los nombres evocados y las rebeliones nocturnas son algunos de los temas plasmados en las p\u00e1ginas del libro.<\/p>\n\n\n\n<p>Otros tres libros correspondientes a la poes\u00eda son el de Lilia Ram\u00edrez, <strong><em>El movimiento de las sombras<\/em><\/strong>, en el que nos encontramos con varios tiempos que tienen que ver con esta idea de las sombras que deambulan en las p\u00e1ginas; <strong><em>\u00c9ter\/Eters\u00ed<\/em> <\/strong>de Bethoven Medina, es un texto herm\u00e9tico venido de Hermes Trismegisto, de la filosof\u00eda esot\u00e9rica primera, aquella que las logias secretas lo desarrollan muy bien. Y finalmente, el libro <strong><em>Contrastes de lo eterno<\/em>,<\/strong> de Sugey Navarro, en donde el lenguaje y la voz que acuden a estos versos son un acercamiento al ser humano, al viaje interior que nos pone en comunicaci\u00f3n con lo esencial, la realidad y los recuerdos.<\/p>\n\n\n\n<p>Por \u00faltimo se dijo que Bit\u00e1cora de vuelos ediciones planea comenzar el 2022, con la impresi\u00f3n bajo demanda de sus libros a trav\u00e9s de la plataforma Amazon Kindle. <\/p>\n\n\n\n<p><strong>Conoce el cat\u00e1logo en el siguiente link:&nbsp;<\/strong><a rel=\"noreferrer noopener\" href=\"https:\/\/www.blogger.com\/blog\/post\/edit\/233513200459765598\/6876525379205792786\" target=\"_blank\"><strong>https:\/\/www.bvedicionesebooks.com.mx<\/strong><\/a><\/p>\n","protected":false},"excerpt":{"rendered":"<p>Siete libros m\u00e1s completan el cat\u00e1logo de Bit\u00e1cora de vuelos ediciones. Nadia Contreras, directora y fundadora de este proyecto editorial mencion\u00f3 al respecto: \u201cCon mucho esfuerzo y de la mano &hellip; <a href=\"https:\/\/lavereda.com.mx\/index.php\/2021\/08\/02\/bitacora-de-vuelos-ediciones-suma-siete-ebooks-mas-a-su-catalogo\/\" class=\"more-link\">Leer m\u00e1s<\/a><\/p>\n","protected":false},"author":1,"featured_media":1979,"comment_status":"open","ping_status":"open","sticky":false,"template":"","format":"standard","meta":{"footnotes":""},"categories":[5,18],"tags":[],"class_list":["post-1978","post","type-post","status-publish","format-standard","has-post-thumbnail","hentry","category-letras-y-libros","category-lomasrelevante","entry"],"_links":{"self":[{"href":"https:\/\/lavereda.com.mx\/index.php\/wp-json\/wp\/v2\/posts\/1978","targetHints":{"allow":["GET"]}}],"collection":[{"href":"https:\/\/lavereda.com.mx\/index.php\/wp-json\/wp\/v2\/posts"}],"about":[{"href":"https:\/\/lavereda.com.mx\/index.php\/wp-json\/wp\/v2\/types\/post"}],"author":[{"embeddable":true,"href":"https:\/\/lavereda.com.mx\/index.php\/wp-json\/wp\/v2\/users\/1"}],"replies":[{"embeddable":true,"href":"https:\/\/lavereda.com.mx\/index.php\/wp-json\/wp\/v2\/comments?post=1978"}],"version-history":[{"count":2,"href":"https:\/\/lavereda.com.mx\/index.php\/wp-json\/wp\/v2\/posts\/1978\/revisions"}],"predecessor-version":[{"id":1981,"href":"https:\/\/lavereda.com.mx\/index.php\/wp-json\/wp\/v2\/posts\/1978\/revisions\/1981"}],"wp:featuredmedia":[{"embeddable":true,"href":"https:\/\/lavereda.com.mx\/index.php\/wp-json\/wp\/v2\/media\/1979"}],"wp:attachment":[{"href":"https:\/\/lavereda.com.mx\/index.php\/wp-json\/wp\/v2\/media?parent=1978"}],"wp:term":[{"taxonomy":"category","embeddable":true,"href":"https:\/\/lavereda.com.mx\/index.php\/wp-json\/wp\/v2\/categories?post=1978"},{"taxonomy":"post_tag","embeddable":true,"href":"https:\/\/lavereda.com.mx\/index.php\/wp-json\/wp\/v2\/tags?post=1978"}],"curies":[{"name":"wp","href":"https:\/\/api.w.org\/{rel}","templated":true}]}}