{"id":197,"date":"2020-08-15T03:07:00","date_gmt":"2020-08-15T03:07:00","guid":{"rendered":"https:\/\/web.lavereda.com.mx\/?p=197"},"modified":"2020-08-15T03:07:00","modified_gmt":"2020-08-15T03:07:00","slug":"el-flautista-horacio-franco-da-positivo-por-covid-19","status":"publish","type":"post","link":"https:\/\/lavereda.com.mx\/index.php\/2020\/08\/15\/el-flautista-horacio-franco-da-positivo-por-covid-19\/","title":{"rendered":"El flautista Horacio Franco da positivo por COVID-19"},"content":{"rendered":"\n<p>Uno de los m\u00fasicos mexicanos m\u00e1s reconocidos en el mundo, el flautista Horacio Franco, quien cuenta con una destacada carrera de 40 a\u00f1os de trayectoria ha dado positivo al COVID-19; seg\u00fan dio a conocer \u00e9l mismo en sus redes sociales:<\/p>\n\n\n\n<hr class=\"wp-block-separator\" id=\"system-readmore\"\/>\n\n\n\n<blockquote class=\"wp-block-quote is-layout-flow wp-block-quote-is-layout-flow\"><p>\u201cDespu\u00e9s de 13 d\u00edas de haber llegado de gira por NY y con diversos malestares no severos se me hicieron ir a dar ayer al hospital, sali\u00f3 mi prueba del COVID 19: positiva\u201d, public\u00f3 el artista.<\/p><\/blockquote>\n\n\n\n<p>De inmediato se presentaron muestras de solidaridad de m\u00fasicos, periodistas y gente del gremio cultural allegados al m\u00fasico, quien ha sido un invitado especial y frecuente de la Camerata de Coahuila durante dos d\u00e9cadas; como solista y como director.&nbsp;<\/p>\n\n\n\n<p>Entre los laguneros, se le tiene especial cari\u00f1o, ya que ha dado a conocer su repertorio y su talento tanto en los teatros de la regi\u00f3n lagunera, como en foros al aire libre y en conciertos did\u00e1cticos con p\u00fablico infantil y juvenil.<\/p>\n\n\n\n<p>Horacio Franco estudi\u00f3 en el Conservatorio Nacional de M\u00e9xico y posteriormente en el Conservatorio de \u00c1msterdam donde obtuvo el grado \u201cSolista Cum Laude\u201d. Aclamado por la cr\u00edtica internacional como uno de los m\u00e1s importantes flautistas de pico y director a nivel mundial; impulsor del movimiento de m\u00fasica antigua y fundador de la primera orquesta barroca de M\u00e9xico.<\/p>\n\n\n\n<p>Ofrece alrededor de 150 anuales que, con su larga trayectoria como ejecutante y pedagogo ha ampliado la visi\u00f3n que com\u00fanmente se tiene de la flauta de pico; su repertorio abarca m\u00fasica medieval, renacentista, barroca y contempor\u00e1nea, incluyendo m\u00fasica colonial latinoamericana, tradicional y popular.&nbsp;<\/p>\n\n\n\n<p>En sus giras por los cinco continentes ha impartido numerosas clases magistrales y participado en proyectos de educaci\u00f3n, as\u00ed como de apoyo a sectores marginados y desprotegidos de la sociedad.<\/p>\n\n\n\n<p>Ha tenido presentaciones en salas importantes como el Palacio de Bellas Artes\/M\u00e9xico, Carnegie Hall\/Nueva York, Sala de la Filarm\u00f3nica\/Berl\u00edn, Sala de la Ciudad Prohibida\/Beijing, Bunka Kaikan\/ Tokyo, Tzavta Hall\/Tel Aviv, Conservatorio\/Sidney, Sala de la \u00d3pera\/Tailandia, Wigmore Hall\/Londres y en festivales importantes alrededor del mundo.<\/p>\n","protected":false},"excerpt":{"rendered":"<p>Uno de los m\u00fasicos mexicanos m\u00e1s reconocidos en el mundo, el flautista Horacio Franco, quien cuenta con una destacada carrera de 40 a\u00f1os de trayectoria ha dado positivo al COVID-19<\/p>\n","protected":false},"author":1,"featured_media":189,"comment_status":"open","ping_status":"open","sticky":false,"template":"","format":"standard","meta":{"footnotes":""},"categories":[4],"tags":[],"class_list":["post-197","post","type-post","status-publish","format-standard","has-post-thumbnail","hentry","category-musica","entry"],"_links":{"self":[{"href":"https:\/\/lavereda.com.mx\/index.php\/wp-json\/wp\/v2\/posts\/197","targetHints":{"allow":["GET"]}}],"collection":[{"href":"https:\/\/lavereda.com.mx\/index.php\/wp-json\/wp\/v2\/posts"}],"about":[{"href":"https:\/\/lavereda.com.mx\/index.php\/wp-json\/wp\/v2\/types\/post"}],"author":[{"embeddable":true,"href":"https:\/\/lavereda.com.mx\/index.php\/wp-json\/wp\/v2\/users\/1"}],"replies":[{"embeddable":true,"href":"https:\/\/lavereda.com.mx\/index.php\/wp-json\/wp\/v2\/comments?post=197"}],"version-history":[{"count":1,"href":"https:\/\/lavereda.com.mx\/index.php\/wp-json\/wp\/v2\/posts\/197\/revisions"}],"predecessor-version":[{"id":198,"href":"https:\/\/lavereda.com.mx\/index.php\/wp-json\/wp\/v2\/posts\/197\/revisions\/198"}],"wp:featuredmedia":[{"embeddable":true,"href":"https:\/\/lavereda.com.mx\/index.php\/wp-json\/wp\/v2\/media\/189"}],"wp:attachment":[{"href":"https:\/\/lavereda.com.mx\/index.php\/wp-json\/wp\/v2\/media?parent=197"}],"wp:term":[{"taxonomy":"category","embeddable":true,"href":"https:\/\/lavereda.com.mx\/index.php\/wp-json\/wp\/v2\/categories?post=197"},{"taxonomy":"post_tag","embeddable":true,"href":"https:\/\/lavereda.com.mx\/index.php\/wp-json\/wp\/v2\/tags?post=197"}],"curies":[{"name":"wp","href":"https:\/\/api.w.org\/{rel}","templated":true}]}}