{"id":1957,"date":"2021-07-29T16:52:16","date_gmt":"2021-07-29T16:52:16","guid":{"rendered":"http:\/\/lavereda.com.mx\/?p=1957"},"modified":"2021-07-29T16:53:01","modified_gmt":"2021-07-29T16:53:01","slug":"peru-y-mexico-en-la-feria-internacional-del-libro-de-guadalajara","status":"publish","type":"post","link":"https:\/\/lavereda.com.mx\/index.php\/2021\/07\/29\/peru-y-mexico-en-la-feria-internacional-del-libro-de-guadalajara\/","title":{"rendered":"Per\u00fa y M\u00e9xico en la Feria Internacional del Libro de Guadalajara"},"content":{"rendered":"\n<p>Per\u00fa llega a M\u00e9xico. Del 27 de noviembre al 5 de diciembre pr\u00f3ximos, la Feria Internacional del Libro de Guadalajara recibir\u00e1 a Per\u00fa como pa\u00eds Invitado de Honor, con un diverso programa de actividades que atender\u00e1 los \u00e1mbitos literario, acad\u00e9mico, art\u00edstico, cultural y editorial, con una delegaci\u00f3n integrada por m\u00e1s de 60 participantes, entre escritores, artistas, acad\u00e9micos y profesionales del libro. Ser\u00e1n alrededor de 40 escritores quienes formen parte de la delegaci\u00f3n de Per\u00fa, entre quienes se encuentran Katya Geraldine Adaui, Miluska Benavides, Carlos Javier Becerra, Eugenia Carlos R\u00edos, Renato Cisneros, Alonso Cueto, Mar\u00eda Micaela Chirif Camino, Rossella Di Paolo, Alina Gadea, Fernando Iwasaki, Cronwell Jara, Karina Pacheco, Santiago Roncagliolo, Diego Trelles Paz, Ana Denise Varela, Gabriela Wiener, Washington C\u00f3rdova Huam\u00e1n y Sheila Alvarado.<\/p>\n\n\n\n<p>Ricardo Villanueva Lomel\u00ed, rector general de la UdeG, manifest\u00f3 \u2014en un video que fue presentado por el vicerrector H\u00e9ctor Ra\u00fal Sol\u00eds Gadea\u2014 que \u201cesta edici\u00f3n ser\u00e1 muy especial: podremos vernos nuevamente de manera presencial para celebrar la rica y extensa cultura del Per\u00fa, que seguramente volver\u00e1 a dejar una huella indeleble en todos los que vivamos esta edici\u00f3n 35 de la FIL Guadalajara\u201d.<\/p>\n\n\n\n<p>Alejandro Neyra S\u00e1nchez, ministro de Cultura de Per\u00fa, declar\u00f3 que la intenci\u00f3n de este encuentro es internacionalizar a los escritores y la presencia de la cultura peruana en el mundo a trav\u00e9s de la FIL. El programa cultural se trabaj\u00f3 en cinco l\u00edneas: la exposici\u00f3n\u00a0<em>La vida sin plazos. Escritoras en la ciudad de los 90<\/em>; nueve noches de espect\u00e1culos en el Foro FIL; una muestra de cortos y largometrajes peruanos; dos espect\u00e1culos en FIL Ni\u00f1os y dos exposiciones de arte.<\/p>\n\n\n\n<p>El presidente de la FIL, Ra\u00fal Padilla L\u00f3pez, reconoci\u00f3 la alegr\u00eda por el regreso de Per\u00fa a Guadalajara, pues en 2005 fue Invitado de Honor por primera ocasi\u00f3n. \u201cEn este reencuentro, estoy seguro, todos saldremos favorecidos, en especial los lectores, quienes tendr\u00e1n la oportunidad de acercarse, de primera mano, a las diversas voces que fomentan la literatura peruana. Amigas y amigos peruanos: su pr\u00f3xima visita a Guadalajara nos da esperanza. Hablar del Per\u00fa es referirse a un pasado rico, con una vasta tradici\u00f3n que se mezcla cotidianamente con la modernidad para formar un diverso mosaico cultural. Su literatura, su pintura, su m\u00fasica y su gastronom\u00eda son algunos de los elementos que dar\u00e1n cuenta de la riqueza de su pa\u00eds y de todo lo que a\u00fan falta por descubrir de su cultura\u201d.<\/p>\n\n\n\n<figure class=\"wp-block-image size-large is-resized\"><img fetchpriority=\"high\" decoding=\"async\" src=\"https:\/\/lavereda.com.mx\/wp-content\/uploads\/2021\/07\/51339427473_5b45ee1a77_c.jpg\" alt=\"\" class=\"wp-image-1959\" width=\"839\" height=\"560\" srcset=\"https:\/\/lavereda.com.mx\/wp-content\/uploads\/2021\/07\/51339427473_5b45ee1a77_c.jpg 799w, https:\/\/lavereda.com.mx\/wp-content\/uploads\/2021\/07\/51339427473_5b45ee1a77_c-300x200.jpg 300w, https:\/\/lavereda.com.mx\/wp-content\/uploads\/2021\/07\/51339427473_5b45ee1a77_c-768x512.jpg 768w\" sizes=\"(max-width: 839px) 100vw, 839px\" \/><\/figure>\n\n\n\n<p><strong>Una FIL presencial, con un componente virtual<\/strong><\/p>\n\n\n\n<p>\u201cNuestra intenci\u00f3n de este a\u00f1o es tener una Feria presencial, que adem\u00e1s sumar\u00e1 un programa virtual. Estamos conscientes de que la emergencia sanitaria no ha terminado, pero en el Comit\u00e9 Organizador de la Feria estamos trabajando en protocolos y log\u00edstica que nos permitan vivir nuevamente \u2014de manera segura para visitantes, participantes y expositores\u2014 nuestra gran fiesta de los libros y la lectura\u201d, explic\u00f3 Ra\u00fal Padilla L\u00f3pez, presidente de la FIL Guadalajara, quien agreg\u00f3 que \u201clos detalles y las adecuaciones que haremos al recinto ferial se informar\u00e1n en las pr\u00f3ximas semanas, pero quiero asegurarles que se atender\u00e1n todas las medidas sanitarias y se acatar\u00e1n todas las indicaciones de las autoridades correspondientes\u201d.<\/p>\n\n\n\n<p>A pregunta expresa de la prensa, Padilla L\u00f3pez indic\u00f3 que la FIL s\u00ed se realizar\u00e1 en Expo Guadalajara, pero explic\u00f3 que FIL Ni\u00f1os, el espacio que la Feria dedica a los lectores en formaci\u00f3n, se llevar\u00e1, \u00fanicamente por este a\u00f1o, al Centro Cultural Universitario de la Universidad de Guadalajara, donde se contar\u00e1 con los tradicionales talleres de fomento a la lectura, espect\u00e1culos y un pabell\u00f3n de libros para el p\u00fablico infantil y juvenil.<\/p>\n\n\n\n<p>Marisol Schulz Manaut, directora general de la FIL Guadalajara, explic\u00f3 por su parte que se trabaja en adecuaciones al recinto ferial, como la ampliaci\u00f3n de pasillos y el redise\u00f1o del \u00e1rea de exhibici\u00f3n, adem\u00e1s de protocolos sanitarios que permitan vivir de forma segura la edici\u00f3n 35 de la m\u00e1xima fiesta de los libros y la lectura. <\/p>\n","protected":false},"excerpt":{"rendered":"<p>Per\u00fa llega a M\u00e9xico. Del 27 de noviembre al 5 de diciembre pr\u00f3ximos, la Feria Internacional del Libro de Guadalajara recibir\u00e1 a Per\u00fa como pa\u00eds Invitado de Honor, con un &hellip; <a href=\"https:\/\/lavereda.com.mx\/index.php\/2021\/07\/29\/peru-y-mexico-en-la-feria-internacional-del-libro-de-guadalajara\/\" class=\"more-link\">Leer m\u00e1s<\/a><\/p>\n","protected":false},"author":1,"featured_media":1958,"comment_status":"open","ping_status":"open","sticky":false,"template":"","format":"standard","meta":{"footnotes":""},"categories":[5,18],"tags":[],"class_list":["post-1957","post","type-post","status-publish","format-standard","has-post-thumbnail","hentry","category-letras-y-libros","category-lomasrelevante","entry"],"_links":{"self":[{"href":"https:\/\/lavereda.com.mx\/index.php\/wp-json\/wp\/v2\/posts\/1957","targetHints":{"allow":["GET"]}}],"collection":[{"href":"https:\/\/lavereda.com.mx\/index.php\/wp-json\/wp\/v2\/posts"}],"about":[{"href":"https:\/\/lavereda.com.mx\/index.php\/wp-json\/wp\/v2\/types\/post"}],"author":[{"embeddable":true,"href":"https:\/\/lavereda.com.mx\/index.php\/wp-json\/wp\/v2\/users\/1"}],"replies":[{"embeddable":true,"href":"https:\/\/lavereda.com.mx\/index.php\/wp-json\/wp\/v2\/comments?post=1957"}],"version-history":[{"count":2,"href":"https:\/\/lavereda.com.mx\/index.php\/wp-json\/wp\/v2\/posts\/1957\/revisions"}],"predecessor-version":[{"id":1961,"href":"https:\/\/lavereda.com.mx\/index.php\/wp-json\/wp\/v2\/posts\/1957\/revisions\/1961"}],"wp:featuredmedia":[{"embeddable":true,"href":"https:\/\/lavereda.com.mx\/index.php\/wp-json\/wp\/v2\/media\/1958"}],"wp:attachment":[{"href":"https:\/\/lavereda.com.mx\/index.php\/wp-json\/wp\/v2\/media?parent=1957"}],"wp:term":[{"taxonomy":"category","embeddable":true,"href":"https:\/\/lavereda.com.mx\/index.php\/wp-json\/wp\/v2\/categories?post=1957"},{"taxonomy":"post_tag","embeddable":true,"href":"https:\/\/lavereda.com.mx\/index.php\/wp-json\/wp\/v2\/tags?post=1957"}],"curies":[{"name":"wp","href":"https:\/\/api.w.org\/{rel}","templated":true}]}}