{"id":1952,"date":"2021-07-28T21:42:25","date_gmt":"2021-07-28T21:42:25","guid":{"rendered":"http:\/\/lavereda.com.mx\/?p=1952"},"modified":"2021-07-28T21:42:27","modified_gmt":"2021-07-28T21:42:27","slug":"se-va-una-de-las-mejores-poetas-tamara-kamenszain","status":"publish","type":"post","link":"https:\/\/lavereda.com.mx\/index.php\/2021\/07\/28\/se-va-una-de-las-mejores-poetas-tamara-kamenszain\/","title":{"rendered":"Se va una de las mejores poetas, Tamara Kamenszain"},"content":{"rendered":"\n<p>La poeta, ensayista, docente, bibliotecaria, periodista y editora Tamara Kamenszain, autora de diversas obras entre las que se incluye t\u00edtulos como \u00abLa boca del testimonio\u00bb, \u00abUna intimidad inofensiva\u00bb y \u00abEl libro de Tamar\u00bb, muri\u00f3 este mi\u00e9rcoles a los 74 a\u00f1os &nbsp;de edad, en la ciudad de Buenos Aires como consecuencia de un c\u00e1ncer, al menos fue lo que mencionaron los familiares.<\/p>\n\n\n\n<p>Naci\u00f3 en Buenos Aires, en 1947. Sus libros de poes\u00eda en\u00a0<em>La novela de la poes\u00eda\u00a0<\/em>quedaron reunidos en un solo tomo, sus diez libros dedicados al g\u00e9nero, le valieron entre otros reconocimientos el Konex de Platino en 2014, el Premio de la Cr\u00edtica de la Feria del Libro,\u00a0el Primer Premio de Poes\u00eda Festival de la Lira, el Primer Premio Municipal de Ensayo, la beca de la Fundaci\u00f3n John Simon Guggenheim y la Medalla de Honor Pablo Neruda del Gobierno de Chile.<\/p>\n\n\n\n<p>Mientras que en\u00a0<em><strong>El libro de Tamar<\/strong><\/em>, publicado por Eterna Cadencia en 2018 y con el que incursion\u00f3<strong>\u00a0<\/strong>en la narrativa, encaraba sus propias\u00a0<strong>\u00a0<\/strong>memorias<strong> <\/strong>autobiogr\u00e1ficas\u00a0y las de una generaci\u00f3n de autores que hab\u00eda hecho su irrupci\u00f3n en escena en los 70 y se vio atravesada por la experiencia tr\u00e1gica de la \u00faltima dictadura.<\/p>\n\n\n\n<p>Uno de sus \u00faltimos libros publicados fue <strong>\u00ab<\/strong><strong>Libros chiquitos\u00bb<\/strong>, donde compendia desde autores que la estimularon a escribir, clases que le mostraron nuevas formas de lectura y escritores que la ayudaron a ampliar los sentidos de su oficio como periodista o bibliotecaria en distintos momentos de su vida.<\/p>\n\n\n\n<blockquote class=\"wp-block-quote is-layout-flow wp-block-quote-is-layout-flow\"><p>\u00abLa gente en general suele acercarse a leer poes\u00eda cuando tiene que digerir alguna situaci\u00f3n l\u00edmite, si no, le suelen huir y dicen que no la entienden. Lo mismo para quien escribe poes\u00eda: se dice que los mejores poemas suelen tener que ver con muertes cercanas, grandes p\u00e9rdidas, como si uno encontrara en el reservorio del g\u00e9nero algo m\u00e1s directo para decir. Ah\u00ed las met\u00e1foras caen, dejan de ser artificios y se pliegan a lo real\u00bb, <\/p><p>sostuvo en di\u00e1logo con T\u00e9lam a prop\u00f3sito de la publicaci\u00f3n del libro, que forma parte de la colecci\u00f3n Lectores de la editorial Ampersand.<\/p><\/blockquote>\n\n\n\n<p>No renegaba de los\u00a0g\u00e9neros, si lo que le tocaba era leer o escribir. Tampoco la desvelaba el reconocimiento: su compromiso con la literatura con la escritura, que adem\u00e1s era un trabajo, en los hechos era \u00edntimo y est\u00e9tico, y por ende inclaudicable. <\/p>\n\n\n\n<p>Sin duda una mujer incre\u00edble que nos deja un claro ejemplo sobre la dedicaci\u00f3n, el esfuerzo, pero sobre todo el amor por la lectura y la escritura.<\/p>\n\n\n\n<p style=\"font-size:10px\">Referencias: clarin.com, telam.com<\/p>\n","protected":false},"excerpt":{"rendered":"<p>La poeta, ensayista, docente, bibliotecaria, periodista y editora Tamara Kamenszain, autora de diversas obras entre las que se incluye t\u00edtulos como \u00abLa boca del testimonio\u00bb, \u00abUna intimidad inofensiva\u00bb y \u00abEl &hellip; <a href=\"https:\/\/lavereda.com.mx\/index.php\/2021\/07\/28\/se-va-una-de-las-mejores-poetas-tamara-kamenszain\/\" class=\"more-link\">Leer m\u00e1s<\/a><\/p>\n","protected":false},"author":14,"featured_media":1953,"comment_status":"open","ping_status":"open","sticky":false,"template":"","format":"standard","meta":{"footnotes":""},"categories":[5,18],"tags":[],"class_list":["post-1952","post","type-post","status-publish","format-standard","has-post-thumbnail","hentry","category-letras-y-libros","category-lomasrelevante","entry"],"_links":{"self":[{"href":"https:\/\/lavereda.com.mx\/index.php\/wp-json\/wp\/v2\/posts\/1952","targetHints":{"allow":["GET"]}}],"collection":[{"href":"https:\/\/lavereda.com.mx\/index.php\/wp-json\/wp\/v2\/posts"}],"about":[{"href":"https:\/\/lavereda.com.mx\/index.php\/wp-json\/wp\/v2\/types\/post"}],"author":[{"embeddable":true,"href":"https:\/\/lavereda.com.mx\/index.php\/wp-json\/wp\/v2\/users\/14"}],"replies":[{"embeddable":true,"href":"https:\/\/lavereda.com.mx\/index.php\/wp-json\/wp\/v2\/comments?post=1952"}],"version-history":[{"count":2,"href":"https:\/\/lavereda.com.mx\/index.php\/wp-json\/wp\/v2\/posts\/1952\/revisions"}],"predecessor-version":[{"id":1955,"href":"https:\/\/lavereda.com.mx\/index.php\/wp-json\/wp\/v2\/posts\/1952\/revisions\/1955"}],"wp:featuredmedia":[{"embeddable":true,"href":"https:\/\/lavereda.com.mx\/index.php\/wp-json\/wp\/v2\/media\/1953"}],"wp:attachment":[{"href":"https:\/\/lavereda.com.mx\/index.php\/wp-json\/wp\/v2\/media?parent=1952"}],"wp:term":[{"taxonomy":"category","embeddable":true,"href":"https:\/\/lavereda.com.mx\/index.php\/wp-json\/wp\/v2\/categories?post=1952"},{"taxonomy":"post_tag","embeddable":true,"href":"https:\/\/lavereda.com.mx\/index.php\/wp-json\/wp\/v2\/tags?post=1952"}],"curies":[{"name":"wp","href":"https:\/\/api.w.org\/{rel}","templated":true}]}}