{"id":1943,"date":"2021-07-28T16:34:29","date_gmt":"2021-07-28T16:34:29","guid":{"rendered":"http:\/\/lavereda.com.mx\/?p=1943"},"modified":"2021-07-28T16:59:44","modified_gmt":"2021-07-28T16:59:44","slug":"amor-post-pandemia","status":"publish","type":"post","link":"https:\/\/lavereda.com.mx\/index.php\/2021\/07\/28\/amor-post-pandemia\/","title":{"rendered":"Presentan Amor Post-Pandemia"},"content":{"rendered":"\n<p>La m\u00fasica y el amor contin\u00faan en los corazones de los laguneros, &nbsp;y est\u00e1n m\u00e1s vivos que nunca, por ello Gera Bizantino, Joab Z\u00fa\u00f1iga &amp; Cristina Garc\u00eda, nos invitan al primer concierto \u201cAmor Post Pandemia\u201d presentaci\u00f3n &nbsp;que se llevara a cabo de manera digital este pr\u00f3ximo domingo 01 de Agosto del presente a\u00f1o a trav\u00e9s de las redes sociales de Sinfon\u00eda Caf\u00e9 y Cultura a las 7:00 pm donde ademas se llevar\u00e1 a cabo la pre venta del concierto presencial que tendr\u00e1 fecha el s\u00e1bado 14 de Agosto a las 9:00 pm en The Taco Zone.<\/p>\n\n\n\n<p>Conscientes de que la lucha sigue, los artistas Gerardo Bizantino (Cantante y Actor), Joab Z\u00fa\u00f1iga (La Voz Azteca) y Cristina Garc\u00eda (Productora Vocal y Esc\u00e9nica) ofrecer\u00e1n estos dos conciertos para conmemorar el amor y la m\u00fasica que los salv\u00f3 de s\u00ed mismos afrontando el fen\u00f3meno global que afect\u00f3 a todos.<\/p>\n\n\n\n<figure class=\"wp-block-image size-large is-resized\"><img fetchpriority=\"high\" decoding=\"async\" src=\"https:\/\/lavereda.com.mx\/wp-content\/uploads\/2021\/07\/ims-edited.png\" alt=\"\" class=\"wp-image-1949\" width=\"839\" height=\"472\" srcset=\"https:\/\/lavereda.com.mx\/wp-content\/uploads\/2021\/07\/ims-edited.png 683w, https:\/\/lavereda.com.mx\/wp-content\/uploads\/2021\/07\/ims-edited-300x169.png 300w\" sizes=\"(max-width: 839px) 100vw, 839px\" \/><\/figure>\n\n\n\n<p>Al respecto se hacen estas dos preguntas:<\/p>\n\n\n\n<p>\u00bfQu\u00e9 habr\u00eda sido de nosotros sin el arte durante pandemia? Pero sobre todo y m\u00e1s importante \u00bfqu\u00e9 habr\u00eda sido de nosotros sin el amor?<\/p>\n\n\n\n<blockquote class=\"wp-block-quote is-layout-flow wp-block-quote-is-layout-flow\"><p>Y a\u00f1aden: \u201cLa intenci\u00f3n es seguir uni\u00e9ndonos a trav\u00e9s del lenguaje en el que mejor nos desenvolvemos: la m\u00fasica.\u201d<\/p><\/blockquote>\n\n\n\n<p>Para m\u00e1s informaci\u00f3n con\u00e9ctate al concierto digital este pr\u00f3ximo domingo 01 de agosto<\/p>\n\n\n\n<p>S\u00e1bado 14 de agosto concierto (presencial)<\/p>\n","protected":false},"excerpt":{"rendered":"<p>La m\u00fasica y el amor contin\u00faan en los corazones de los laguneros, &nbsp;y est\u00e1n m\u00e1s vivos que nunca, por ello Gera Bizantino, Joab Z\u00fa\u00f1iga &amp; Cristina Garc\u00eda, nos invitan al &hellip; <a href=\"https:\/\/lavereda.com.mx\/index.php\/2021\/07\/28\/amor-post-pandemia\/\" class=\"more-link\">Leer m\u00e1s<\/a><\/p>\n","protected":false},"author":1,"featured_media":1944,"comment_status":"open","ping_status":"open","sticky":false,"template":"","format":"standard","meta":{"footnotes":""},"categories":[18,4,1],"tags":[],"class_list":["post-1943","post","type-post","status-publish","format-standard","has-post-thumbnail","hentry","category-lomasrelevante","category-musica","category-uncategorized","entry"],"_links":{"self":[{"href":"https:\/\/lavereda.com.mx\/index.php\/wp-json\/wp\/v2\/posts\/1943","targetHints":{"allow":["GET"]}}],"collection":[{"href":"https:\/\/lavereda.com.mx\/index.php\/wp-json\/wp\/v2\/posts"}],"about":[{"href":"https:\/\/lavereda.com.mx\/index.php\/wp-json\/wp\/v2\/types\/post"}],"author":[{"embeddable":true,"href":"https:\/\/lavereda.com.mx\/index.php\/wp-json\/wp\/v2\/users\/1"}],"replies":[{"embeddable":true,"href":"https:\/\/lavereda.com.mx\/index.php\/wp-json\/wp\/v2\/comments?post=1943"}],"version-history":[{"count":3,"href":"https:\/\/lavereda.com.mx\/index.php\/wp-json\/wp\/v2\/posts\/1943\/revisions"}],"predecessor-version":[{"id":1951,"href":"https:\/\/lavereda.com.mx\/index.php\/wp-json\/wp\/v2\/posts\/1943\/revisions\/1951"}],"wp:featuredmedia":[{"embeddable":true,"href":"https:\/\/lavereda.com.mx\/index.php\/wp-json\/wp\/v2\/media\/1944"}],"wp:attachment":[{"href":"https:\/\/lavereda.com.mx\/index.php\/wp-json\/wp\/v2\/media?parent=1943"}],"wp:term":[{"taxonomy":"category","embeddable":true,"href":"https:\/\/lavereda.com.mx\/index.php\/wp-json\/wp\/v2\/categories?post=1943"},{"taxonomy":"post_tag","embeddable":true,"href":"https:\/\/lavereda.com.mx\/index.php\/wp-json\/wp\/v2\/tags?post=1943"}],"curies":[{"name":"wp","href":"https:\/\/api.w.org\/{rel}","templated":true}]}}