{"id":1903,"date":"2021-07-23T01:22:41","date_gmt":"2021-07-23T01:22:41","guid":{"rendered":"http:\/\/lavereda.com.mx\/?p=1903"},"modified":"2021-07-23T17:28:35","modified_gmt":"2021-07-23T17:28:35","slug":"el-auditorio-pabellon-m-en-monterrey-recibira-a-noel-schajris","status":"publish","type":"post","link":"https:\/\/lavereda.com.mx\/index.php\/2021\/07\/23\/el-auditorio-pabellon-m-en-monterrey-recibira-a-noel-schajris\/","title":{"rendered":"El Auditorio Pabell\u00f3n M. en Monterrey recibir\u00e1 a Noel Schajris"},"content":{"rendered":"\n<p>El pr\u00f3ximo mes est\u00e1 cerca y con ello el concierto que se llevar\u00e1 a cabo en el Auditorio Pabell\u00f3n M., donde Noel Schajris, el integrante de Sin Bandera, nos deleitar\u00e1 con sus \u00e9xitos como solista y como integrante del dueto reconocido a nivel internacional, el int\u00e9rprete de \u201cMomentos\u201d anunci\u00f3 con agrado la visita a monterrey y lo expreso de la siguiente manera en su cuenta oficial de instagram:<\/p>\n\n\n\n<blockquote class=\"wp-block-quote is-layout-flow wp-block-quote-is-layout-flow\"><p>\u201cAnunciar esto me llena el alma de alegr\u00eda y emoci\u00f3n..!!!!<br>Monterrey\u2026 tenemos una cita este 27 de AGOSTO!!!! Entradas&nbsp; a la venta jueves 1 de julio (pasado ma\u00f1ana)\u201d<\/p><cite>Instagram @noelschajris<\/cite><\/blockquote>\n\n\n\n<p>Sin duda ser\u00e1 una noche espectacular donde podremos escuchar los grandes \u00e9xitos del cantante, el evento tendr\u00e1 lugar el viernes 27 de agosto de 2021, a las 9 de la noche.<\/p>\n\n\n\n<p>Noel Schajris Rodr\u00edguez&nbsp;naci\u00f3 en Buenos Aires, un 19 de julio de 1974&nbsp;en el barrio porte\u00f1o de Las Flores, en el pa\u00eds Argentino. Durante su ni\u00f1ez Noel ten\u00eda el canto como uno de sus m\u00e1s importantes amigos. Para \u00e9l, cantar era algo muy normal y parte de su vida cotidiana. Trataba de imitar todo lo que escuchaba y era el ni\u00f1o m\u00e1s feliz cuando escuchaba m\u00fasica distinta de su tocadiscos.<br>Su madre se llamaba Liliana y fue la presentadora oficial de&nbsp;The Beatles,&nbsp;<a href=\"https:\/\/www.biografias.es\/famosos\/bob-dylan.html\">Bob Dylan<\/a>,&nbsp;<a href=\"https:\/\/www.biografias.es\/famosos\/pink-floyd.html\">Pink Floyd<\/a>,&nbsp;Manis Joplin, entre otros. Podr\u00eda decirse que ella fue parte importante de su inspiraci\u00f3n en seguir una carrera musical. Concierto de Noel Schajris en Monterrey. El concierto tendr\u00e1 lugar en Auditorio Pabell\u00f3n M en Monterrey. La fecha del concierto es el 27-08-2021. Empieza a las 21:00h.<\/p>\n\n\n\n<p>Noel adem\u00e1s de cantar se ha destacado por componer varias de sus canciones, as\u00ed como tambi\u00e9n temas para otros artistas. El 26 de marzo de 2002, lanza su \u00e1lbum debut dentro del d\u00fao musical Sin Bandera, componiendo junto a Leonel Garc\u00eda siete de los once temas del disco. \u200b El 21 de octubre de 2003, lanzan su segundo \u00e1lbum de estudio,&nbsp;De viaje, en la cual compone junto a su compa\u00f1ero trece de los diecis\u00e9is temas, incluyendo la canci\u00f3n \u00abAmor real\u00bb utilizada como tema principal en la telenovela mexicana de Televisa&nbsp;Amor real. \u200b El 5 de octubre de 2004, compone el tema \u00abParte de mi coraz\u00f3n\u00bb junto a Claudia Brant incluida en el \u00e1lbum&nbsp;Fuego&nbsp;de la banda Kumbia Kings. \u200b El 15 de noviembre de 2005 compone el tema \u00abAmor eterno\u00bb junto a Cristian Castro, incluido en el \u00e1lbum&nbsp;D\u00edas felices. El 26 de junio de 2007 compone el tema \u00abSolitario y solo\u00bb junto a Claudia Brant, incluido en el \u00e1lbum&nbsp;Viento a favor&nbsp;del mexicano Alejandro Fern\u00e1ndez.<\/p>\n\n\n\n<p>La venta de boletos a trav\u00e9s de Ticketmaster o en Taquillas del Auditorio Pabell\u00f3n M.<\/p>\n","protected":false},"excerpt":{"rendered":"<p>El pr\u00f3ximo mes est\u00e1 cerca y con ello el concierto que se llevar\u00e1 a cabo en el Auditorio Pabell\u00f3n M., donde Noel Schajris, el integrante de Sin Bandera, nos deleitar\u00e1 &hellip; <a href=\"https:\/\/lavereda.com.mx\/index.php\/2021\/07\/23\/el-auditorio-pabellon-m-en-monterrey-recibira-a-noel-schajris\/\" class=\"more-link\">Leer m\u00e1s<\/a><\/p>\n","protected":false},"author":14,"featured_media":1905,"comment_status":"open","ping_status":"open","sticky":false,"template":"","format":"standard","meta":{"footnotes":""},"categories":[18,4],"tags":[],"class_list":["post-1903","post","type-post","status-publish","format-standard","has-post-thumbnail","hentry","category-lomasrelevante","category-musica","entry"],"_links":{"self":[{"href":"https:\/\/lavereda.com.mx\/index.php\/wp-json\/wp\/v2\/posts\/1903","targetHints":{"allow":["GET"]}}],"collection":[{"href":"https:\/\/lavereda.com.mx\/index.php\/wp-json\/wp\/v2\/posts"}],"about":[{"href":"https:\/\/lavereda.com.mx\/index.php\/wp-json\/wp\/v2\/types\/post"}],"author":[{"embeddable":true,"href":"https:\/\/lavereda.com.mx\/index.php\/wp-json\/wp\/v2\/users\/14"}],"replies":[{"embeddable":true,"href":"https:\/\/lavereda.com.mx\/index.php\/wp-json\/wp\/v2\/comments?post=1903"}],"version-history":[{"count":4,"href":"https:\/\/lavereda.com.mx\/index.php\/wp-json\/wp\/v2\/posts\/1903\/revisions"}],"predecessor-version":[{"id":1910,"href":"https:\/\/lavereda.com.mx\/index.php\/wp-json\/wp\/v2\/posts\/1903\/revisions\/1910"}],"wp:featuredmedia":[{"embeddable":true,"href":"https:\/\/lavereda.com.mx\/index.php\/wp-json\/wp\/v2\/media\/1905"}],"wp:attachment":[{"href":"https:\/\/lavereda.com.mx\/index.php\/wp-json\/wp\/v2\/media?parent=1903"}],"wp:term":[{"taxonomy":"category","embeddable":true,"href":"https:\/\/lavereda.com.mx\/index.php\/wp-json\/wp\/v2\/categories?post=1903"},{"taxonomy":"post_tag","embeddable":true,"href":"https:\/\/lavereda.com.mx\/index.php\/wp-json\/wp\/v2\/tags?post=1903"}],"curies":[{"name":"wp","href":"https:\/\/api.w.org\/{rel}","templated":true}]}}