{"id":1889,"date":"2021-07-21T23:30:39","date_gmt":"2021-07-21T23:30:39","guid":{"rendered":"http:\/\/lavereda.com.mx\/?p=1889"},"modified":"2021-07-22T00:30:42","modified_gmt":"2021-07-22T00:30:42","slug":"coahuila-estado-invitado-en-el-49-festival-internacional-cervantino","status":"publish","type":"post","link":"https:\/\/lavereda.com.mx\/index.php\/2021\/07\/21\/coahuila-estado-invitado-en-el-49-festival-internacional-cervantino\/","title":{"rendered":"Coahuila: estado invitado en el 49 Festival Internacional Cervantino"},"content":{"rendered":"\n<p>Ciudad de M\u00e9xico.- El d\u00eda de hoy se present\u00f3 la 49 edici\u00f3n del Festival Internacional Cervantino, que se llevar\u00e1 a cabo del d\u00eda 13 al 31 de octubre, bajo un formato h\u00edbrido en el que Coahuila y Cuba son el estado y la naci\u00f3n invitados.<\/p>\n\n\n\n<p>La secretaria de Cultura de esta entidad, Ana Sof\u00eda Garc\u00eda Camil, se\u00f1al\u00f3 que durante la presente administraci\u00f3n se realizaron dos importantes compromisos en materia cultural: trabajar d\u00eda a d\u00eda para garantizar los derechos culturales de la poblaci\u00f3n, as\u00ed como buscar los lugares \u00a0m\u00e1s importantes para difundir el patrimonio cultural coahuilense.<\/p>\n\n\n\n<p>Garc\u00eda Camil detall\u00f3 que se contar\u00e1 con alrededor de 65 actividades que se componen de danza, teatro, m\u00fasica, artes visuales, cine, as\u00ed como actividades acad\u00e9micas. Destacando el concierto de inauguraci\u00f3n con la Orquesta Filarm\u00f3nica del Estado de Coahuila y el grupo cubano Van Van, La Camerata de Coahuila, Armando Fuentes Aguirre \u201cCat\u00f3n\u201d el escritor Juli\u00e1n Herbert, Los \u00a0Cardencheros de la Laguna, el Maestro Mart\u00edn Madrigal, La Matlachinada con m\u00e1s de 100 danzantes, el pianista Alejandro Vela, el grupo de teatro Luz del Norte, entre muchos otros.<\/p>\n\n\n\n<p>Destac\u00f3 que con esto se le dar\u00e1 proyecci\u00f3n tur\u00edstica a Coahuila; a trav\u00e9s de exposiciones y venta de productos artesanales, rutas tur\u00edsticas, productos gastron\u00f3micos, vinos y sotoles de Coahuila.<br><br>Por su parte, el Gobernador del estado de Guanajuato, indic\u00f3 que se encuentran listos para llevar este festival con las medidas de seguridad pertinentes, al tiempo que destac\u00f3 que ser\u00e1n 495 artistas guanajuatenses los que participen en el mismo.<br><br>En tanto, la Secretaria de Cultura federal Alejandra Frausto, expres\u00f3 que esto se da tras un a\u00f1o y medio de trabajo constante con los gobiernos de Cuba, Coahuila y Guanajuato; en el que la solidaridad, la resistencia y la cultura, han tenido un papel preponderante. \u00a0<\/p>\n\n\n\n<blockquote class=\"wp-block-quote is-layout-flow wp-block-quote-is-layout-flow\"><p>Ser\u00e1n 19 d\u00edas donde se presentar\u00e1 lo m\u00e1s destacado de la escena internacional y nacional, ofreciendo al p\u00fablico nuevos espect\u00e1culos. Se tendr\u00e1 alrededor de 102 presentaciones; de las cuales 81 se realizar\u00e1n en el estado de Guanajuato y 29 a trav\u00e9s de las plataformas digitales, contando con la participaci\u00f3n de 19 pa\u00edses como: Alemania, Argentina, Brasil, Canad\u00e1, China, Colombia, Cuba, Espa\u00f1a, Estados Unidos, Francia, Georgia, Grecia, India, Israel, Italia, Jap\u00f3n, Per\u00fa, M\u00e9xico, Reino Unido, y la regi\u00f3n de Quebec.<\/p><\/blockquote>\n\n\n\n<p>En tanto, el Consejero Cultural de la Embajada de Cuba en M\u00e9xico habl\u00f3 de la importancia de la participaci\u00f3n de su pa\u00eds, y de la fuerza de la cultura cubana que se presentar\u00e1 durante el FIC, a trav\u00e9s de las distintas disciplinas art\u00edsticas. Para ello el uso de cubre bocas ser\u00e1 obligatorio, as\u00ed como la aplicaci\u00f3n de gel antibacterial, toma de temperatura, acceso controlado a los recintos participantes, respetando adem\u00e1s la sana distancia.<\/p>\n\n\n\n<p>Adem\u00e1s, estuvieron la Subdirectora de Desarrollo Cultural del Gobierno Federal, la directora General del Instituto Nacional de Bellas Artes y Literatura, y por parte del Gobierno de Guanajuato: el Presidente Municipal, el Secretario Acad\u00e9mico de la Universidad, la directora de Instituto de Cultura, el Secretario de Turismo, entre otros<\/p>\n\n\n\n<p>Finalmente, se mencion\u00f3 que estar\u00e1n disponibles las plataformas digitales donde se podr\u00e1 consultar la programaci\u00f3n completa del Festival Internacional Cervantino en el sitio web oficial. Para Coahuila la programaci\u00f3n completa del estado se podr\u00e1 consultar en la p\u00e1gina web&nbsp;<a rel=\"noreferrer noopener\" href=\"http:\/\/www.coahuilacultura.gob.mx\/\" target=\"_blank\">www.coahuilacultura.gob.mx<\/a>&nbsp;y en las plataformas digitales de la Secretar\u00eda de Cultura estatal.<\/p>\n\n\n\n<p>La compra de boletos ser\u00e1 a trav\u00e9s del sistema Ticketmaster, y la oferta gratuita estar\u00e1 disponible en las plataformas oficiales del FIC.<br><br><\/p>\n","protected":false},"excerpt":{"rendered":"<p>Ciudad de M\u00e9xico.- El d\u00eda de hoy se present\u00f3 la 49 edici\u00f3n del Festival Internacional Cervantino, que se llevar\u00e1 a cabo del d\u00eda 13 al 31 de octubre, bajo un &hellip; <a href=\"https:\/\/lavereda.com.mx\/index.php\/2021\/07\/21\/coahuila-estado-invitado-en-el-49-festival-internacional-cervantino\/\" class=\"more-link\">Leer m\u00e1s<\/a><\/p>\n","protected":false},"author":1,"featured_media":0,"comment_status":"open","ping_status":"open","sticky":false,"template":"","format":"standard","meta":{"footnotes":""},"categories":[2,18],"tags":[],"class_list":["post-1889","post","type-post","status-publish","format-standard","hentry","category-artes-escenicas","category-lomasrelevante","entry"],"_links":{"self":[{"href":"https:\/\/lavereda.com.mx\/index.php\/wp-json\/wp\/v2\/posts\/1889","targetHints":{"allow":["GET"]}}],"collection":[{"href":"https:\/\/lavereda.com.mx\/index.php\/wp-json\/wp\/v2\/posts"}],"about":[{"href":"https:\/\/lavereda.com.mx\/index.php\/wp-json\/wp\/v2\/types\/post"}],"author":[{"embeddable":true,"href":"https:\/\/lavereda.com.mx\/index.php\/wp-json\/wp\/v2\/users\/1"}],"replies":[{"embeddable":true,"href":"https:\/\/lavereda.com.mx\/index.php\/wp-json\/wp\/v2\/comments?post=1889"}],"version-history":[{"count":4,"href":"https:\/\/lavereda.com.mx\/index.php\/wp-json\/wp\/v2\/posts\/1889\/revisions"}],"predecessor-version":[{"id":1899,"href":"https:\/\/lavereda.com.mx\/index.php\/wp-json\/wp\/v2\/posts\/1889\/revisions\/1899"}],"wp:attachment":[{"href":"https:\/\/lavereda.com.mx\/index.php\/wp-json\/wp\/v2\/media?parent=1889"}],"wp:term":[{"taxonomy":"category","embeddable":true,"href":"https:\/\/lavereda.com.mx\/index.php\/wp-json\/wp\/v2\/categories?post=1889"},{"taxonomy":"post_tag","embeddable":true,"href":"https:\/\/lavereda.com.mx\/index.php\/wp-json\/wp\/v2\/tags?post=1889"}],"curies":[{"name":"wp","href":"https:\/\/api.w.org\/{rel}","templated":true}]}}