{"id":1875,"date":"2021-07-20T21:53:36","date_gmt":"2021-07-20T21:53:36","guid":{"rendered":"http:\/\/lavereda.com.mx\/?p=1875"},"modified":"2021-07-21T15:48:37","modified_gmt":"2021-07-21T15:48:37","slug":"la-guelaguetza-2021-se-podra-disfrutar-en-todo-mexico-en-linea","status":"publish","type":"post","link":"https:\/\/lavereda.com.mx\/index.php\/2021\/07\/20\/la-guelaguetza-2021-se-podra-disfrutar-en-todo-mexico-en-linea\/","title":{"rendered":"La Guelaguetza 2021 se podr\u00e1 disfrutar en todo M\u00e9xico en l\u00ednea"},"content":{"rendered":"\n<p>Con el hashtag #ContigoenlaDistancia las redes sociales ser\u00e1n interrumpidas por el folclor de La Guelaguetza 2021 una celebraci\u00f3n tradicional oaxaque\u00f1a que congrega arte, tradiciones y cultura, ser\u00e1 del 19 de julio al s\u00e1bado 31 de julio del presente a\u00f1o.<\/p>\n\n\n\n<p>Las transmisiones, se llevaran a cabo a trav\u00e9s de <strong>Facebook <\/strong><a href=\"https:\/\/web.facebook.com\/SecretariaCulturaMx\">\/SecretariaCulturaMX<\/a><strong> <\/strong>y del sitio <a href=\"https:\/\/contigoenladistancia.cultura.gob.mx\/\">contigoenladistancia.gob.mx<\/a>, las actividades iniciaron a partir del lunes 19 de julio, con el evento<strong>&nbsp;en vivo del Lunes del Cerro<\/strong>, festividad que representan un conjunto de danzas folcl\u00f3ricas de las distintas regiones de Oaxaca.<\/p>\n\n\n\n<p>Adem\u00e1s <strong>La Guelaguetza<\/strong> es una festividad que se lleva a cabo todos los a\u00f1os en el mes de julio; los dos lunes posteriores al 16 de ese mes, las ocho regiones de Oaxaca: Ca\u00f1ada, La Costa, Tuxtepec, Sierra Sur, Mixteca, Sierra Norte, Valles Centrales y el Istmo festejan sus expresiones art\u00edsticas llenas de colores, tradiciones y costumbres.&nbsp;<\/p>\n\n\n\n<p>Debido a la contingencia sanitaria por la COVID-19, el p\u00fablico podr\u00e1 acercarse nuevamente a esta fiesta a distancia, este a\u00f1o, con una programaci\u00f3n integrada por presentaciones musicales y danc\u00edsticas llenas de colorido y tradici\u00f3n.<\/p>\n\n\n\n<p><strong>El programa a partir del martes 20 al viernes 30 de julio en punto de las 13:30 horas, se transmitir\u00e1 el especial <\/strong><strong><em>Esto es Oaxaca<\/em><\/strong><strong>; el s\u00e1bado 24 de julio a las 17:30 horas se presentar\u00e1 <\/strong><strong>el concierto de Alejandra Robles<\/strong><strong> y las Mujeres de Viento Florido, titulado <\/strong><strong><em>Las joyas de Oaxaca<\/em><\/strong><strong>, <\/strong>donde la cantautora estar\u00e1 acompa\u00f1ada de la banda de alientos, integrada por mujeres mixe.<strong><\/strong><\/p>\n\n\n\n<p><strong>Para<\/strong> el<strong>&nbsp;30 de julio a las 10:00 horas se transmitir\u00e1 el concierto de Martha Toledo;&nbsp;y el concierto con la Marimba del estado de Oaxaca, cerrando<\/strong> las transmisiones el <strong>31 de julio a las 17:30 horas.<\/strong><\/p>\n\n\n\n<p>Para m\u00e1s informaci\u00f3n de este evento sigue las redes sociales de la Secretar\u00eda de Cultura en Twitter como @cultura_mx, Facebook \/SecretariaCulturaMX e Instagram @culturamx.<\/p>\n","protected":false},"excerpt":{"rendered":"<p>Con el hashtag #ContigoenlaDistancia las redes sociales ser\u00e1n interrumpidas por el folclor de La Guelaguetza 2021 una celebraci\u00f3n tradicional oaxaque\u00f1a que congrega arte, tradiciones y cultura, ser\u00e1 del 19 de &hellip; <a href=\"https:\/\/lavereda.com.mx\/index.php\/2021\/07\/20\/la-guelaguetza-2021-se-podra-disfrutar-en-todo-mexico-en-linea\/\" class=\"more-link\">Leer m\u00e1s<\/a><\/p>\n","protected":false},"author":1,"featured_media":1876,"comment_status":"open","ping_status":"open","sticky":false,"template":"","format":"standard","meta":{"footnotes":""},"categories":[18,8],"tags":[],"class_list":["post-1875","post","type-post","status-publish","format-standard","has-post-thumbnail","hentry","category-lomasrelevante","category-sociedad","entry"],"_links":{"self":[{"href":"https:\/\/lavereda.com.mx\/index.php\/wp-json\/wp\/v2\/posts\/1875","targetHints":{"allow":["GET"]}}],"collection":[{"href":"https:\/\/lavereda.com.mx\/index.php\/wp-json\/wp\/v2\/posts"}],"about":[{"href":"https:\/\/lavereda.com.mx\/index.php\/wp-json\/wp\/v2\/types\/post"}],"author":[{"embeddable":true,"href":"https:\/\/lavereda.com.mx\/index.php\/wp-json\/wp\/v2\/users\/1"}],"replies":[{"embeddable":true,"href":"https:\/\/lavereda.com.mx\/index.php\/wp-json\/wp\/v2\/comments?post=1875"}],"version-history":[{"count":4,"href":"https:\/\/lavereda.com.mx\/index.php\/wp-json\/wp\/v2\/posts\/1875\/revisions"}],"predecessor-version":[{"id":1887,"href":"https:\/\/lavereda.com.mx\/index.php\/wp-json\/wp\/v2\/posts\/1875\/revisions\/1887"}],"wp:featuredmedia":[{"embeddable":true,"href":"https:\/\/lavereda.com.mx\/index.php\/wp-json\/wp\/v2\/media\/1876"}],"wp:attachment":[{"href":"https:\/\/lavereda.com.mx\/index.php\/wp-json\/wp\/v2\/media?parent=1875"}],"wp:term":[{"taxonomy":"category","embeddable":true,"href":"https:\/\/lavereda.com.mx\/index.php\/wp-json\/wp\/v2\/categories?post=1875"},{"taxonomy":"post_tag","embeddable":true,"href":"https:\/\/lavereda.com.mx\/index.php\/wp-json\/wp\/v2\/tags?post=1875"}],"curies":[{"name":"wp","href":"https:\/\/api.w.org\/{rel}","templated":true}]}}