{"id":1861,"date":"2021-07-18T16:06:37","date_gmt":"2021-07-18T16:06:37","guid":{"rendered":"http:\/\/lavereda.com.mx\/?p=1861"},"modified":"2021-07-18T16:06:39","modified_gmt":"2021-07-18T16:06:39","slug":"mi-maestro-el-pulpo","status":"publish","type":"post","link":"https:\/\/lavereda.com.mx\/index.php\/2021\/07\/18\/mi-maestro-el-pulpo\/","title":{"rendered":"Mi maestro el Pulpo"},"content":{"rendered":"\n<p><strong>(My octopus teacher, 2020)<\/strong><\/p>\n\n\n\n<p>Un improbable entendimiento surge entre un cinemat\u00f3grafo especializado en tomas submarinas, y un pulpo que habita en un bosque bajo el agua, en Sud\u00e1frica.<\/p>\n\n\n\n<p>En esta interesante cinta documental, Craig Foster se encuentra desilusionado de la vida y del trabajo cuando, de pronto, en una exploraci\u00f3n subacu\u00e1tica, encuentra a un oct\u00f3podo con el que establece una especie de amistad, muy extra\u00f1a, que la hace ver el mundo de manera diferente y entender a los animales con conocimientos nuevos.<\/p>\n\n\n\n<p>La premiad\u00edsima cinta es un dechado de arte visual, con numerosas tomas po\u00e9ticas sobre el ecosistema donde habita el invertebrado, un mundo pr\u00e1cticamente desconocido para el ser humano.<\/p>\n\n\n\n<p>Llama la atenci\u00f3n el nexo establecido, pues nunca antes se hab\u00eda presentado una historia que tuviera como centro un pulpo en particular, hembra, que, m\u00e1s que mascota, se convierte en gu\u00eda y maestro de Foster quien durante meses le da seguimiento y se gana su confianza.<\/p>\n\n\n\n<p>Los directores y escritores Pippa Ehrlich y James Reed echan luz en uno de los infinitos aspectos de la naturaleza que a\u00fan permanecen en el misterio y, para ello, se deja guiar por una criatura tan extra\u00f1a y compleja como fascinante.<\/p>\n\n\n\n<p>Muy interesante.<\/p>\n\n\n\n<p>(G. Todas las edades)<\/p>\n\n\n\n<p>Netflix<\/p>\n\n\n\n<p>Twitter @LucianoCamposG<\/p>\n","protected":false},"excerpt":{"rendered":"<p>(My octopus teacher, 2020) Un improbable entendimiento surge entre un cinemat\u00f3grafo especializado en tomas submarinas, y un pulpo que habita en un bosque bajo el agua, en Sud\u00e1frica. En esta &hellip; <a href=\"https:\/\/lavereda.com.mx\/index.php\/2021\/07\/18\/mi-maestro-el-pulpo\/\" class=\"more-link\">Leer m\u00e1s<\/a><\/p>\n","protected":false},"author":3,"featured_media":1862,"comment_status":"open","ping_status":"open","sticky":false,"template":"","format":"standard","meta":{"footnotes":""},"categories":[6],"tags":[],"class_list":["post-1861","post","type-post","status-publish","format-standard","has-post-thumbnail","hentry","category-cinetv","entry"],"_links":{"self":[{"href":"https:\/\/lavereda.com.mx\/index.php\/wp-json\/wp\/v2\/posts\/1861","targetHints":{"allow":["GET"]}}],"collection":[{"href":"https:\/\/lavereda.com.mx\/index.php\/wp-json\/wp\/v2\/posts"}],"about":[{"href":"https:\/\/lavereda.com.mx\/index.php\/wp-json\/wp\/v2\/types\/post"}],"author":[{"embeddable":true,"href":"https:\/\/lavereda.com.mx\/index.php\/wp-json\/wp\/v2\/users\/3"}],"replies":[{"embeddable":true,"href":"https:\/\/lavereda.com.mx\/index.php\/wp-json\/wp\/v2\/comments?post=1861"}],"version-history":[{"count":1,"href":"https:\/\/lavereda.com.mx\/index.php\/wp-json\/wp\/v2\/posts\/1861\/revisions"}],"predecessor-version":[{"id":1863,"href":"https:\/\/lavereda.com.mx\/index.php\/wp-json\/wp\/v2\/posts\/1861\/revisions\/1863"}],"wp:featuredmedia":[{"embeddable":true,"href":"https:\/\/lavereda.com.mx\/index.php\/wp-json\/wp\/v2\/media\/1862"}],"wp:attachment":[{"href":"https:\/\/lavereda.com.mx\/index.php\/wp-json\/wp\/v2\/media?parent=1861"}],"wp:term":[{"taxonomy":"category","embeddable":true,"href":"https:\/\/lavereda.com.mx\/index.php\/wp-json\/wp\/v2\/categories?post=1861"},{"taxonomy":"post_tag","embeddable":true,"href":"https:\/\/lavereda.com.mx\/index.php\/wp-json\/wp\/v2\/tags?post=1861"}],"curies":[{"name":"wp","href":"https:\/\/api.w.org\/{rel}","templated":true}]}}