{"id":186,"date":"2020-08-15T03:05:49","date_gmt":"2020-08-15T03:05:49","guid":{"rendered":"https:\/\/web.lavereda.com.mx\/?p=186"},"modified":"2020-08-15T03:05:49","modified_gmt":"2020-08-15T03:05:49","slug":"anoramos-el-dia-en-que-podamos-hacer-musica-en-vivo-ethan-eager","status":"publish","type":"post","link":"https:\/\/lavereda.com.mx\/index.php\/2020\/08\/15\/anoramos-el-dia-en-que-podamos-hacer-musica-en-vivo-ethan-eager\/","title":{"rendered":"A\u00f1oramos el d\u00eda en que podamos hacer m\u00fasica en vivo: Ethan Eager"},"content":{"rendered":"\n<p>\u201cEn los tiempos dif\u00edciles es cuando m\u00e1s se necesita el arte y es cuando m\u00e1s sufren los artistas\u201d, afirma puntual Ethan Eager, director de la Orquesta Sinf\u00f3nica Juvenil de Torre\u00f3n (OSIJUT) y m\u00fasico profesional.&nbsp;<\/p>\n\n\n\n<p>En entrevista, nos habla sobre el papel de la m\u00fasica de concierto en tiempos de pandemia. En medio de la incertidumbre, su mensaje es alentador:<\/p>\n\n\n\n<hr class=\"wp-block-separator\" id=\"system-readmore\"\/>\n\n\n\n<p><strong>\u00bfCu\u00e1l crees que es el futuro de las orquestas sinf\u00f3nicas en esta \u00e9poca de pandemia?<\/strong><\/p>\n\n\n\n<p>\u00abConcibo la m\u00fasica como algo imprescindible y tambi\u00e9n el acto de hacer m\u00fasica. Si a partir del d\u00eda de hoy no volvi\u00e9ramos a hacer m\u00fasica nunca, conservar\u00edamos las grabaciones que ya se han hecho, alguien puede pensar que con eso ser\u00eda suficiente.&nbsp;<\/p>\n\n\n\n<p>Pero el ser humano necesita expresarse continuamente a trav\u00e9s de la m\u00fasica y de presenciarlo tambi\u00e9n en vivo. No basta lo que ya se ha hecho, aunque es fabuloso y tambi\u00e9n nos enriquece mucho. Hay que seguir haci\u00e9ndolo\u00bb.&nbsp;<\/p>\n\n\n\n<p><strong>\u00bfQu\u00e9 opciones tienen los m\u00fasicos de concierto, para seguir vigentes?<\/strong><\/p>\n\n\n\n<p>\u00abQuiz\u00e1s sea necesario darle mayor \u00e9nfasis a la m\u00fasica de c\u00e1mara, con peque\u00f1os ensambles, cuartetos, tr\u00edos en espacios m\u00e1s \u00edntimos, con poca gente. Tambi\u00e9n, aunque la musca cl\u00e1sica siempre ha estado peleada con la tecnolog\u00eda, debemos admitir que tenemos que hacer m\u00e1s m\u00fasica en plataformas digitales, es una forma de llegar a m\u00e1s personas.<\/p>\n\n\n\n<p>A\u00f1oramos y anhelamos el d\u00eda en que podamos hacer m\u00fasica en vivo, aunque sea en peque\u00f1os grupos, sin amplificaci\u00f3n, sin tecnolog\u00eda electr\u00f3nica de por medio, m\u00e1s que la ac\u00fastica y el o\u00eddo del espectador.<\/p>\n\n\n\n<p>Es algo imprescindible, tanto el hacer m\u00fasica como escucharla en vivo, tendremos que seguir las instrucciones de las instituciones de salud, pero no vamos a dejar que esto nos gane, aunque suene a slogan: que la m\u00fasica no pare\u00bb.<\/p>\n\n\n\n<figure class=\"wp-block-image size-large\"><img fetchpriority=\"high\" decoding=\"async\" width=\"421\" height=\"316\" src=\"https:\/\/web.lavereda.com.mx\/wp-content\/uploads\/2020\/08\/OSIJUT1.jpg\" alt=\"\" class=\"wp-image-187\" srcset=\"https:\/\/lavereda.com.mx\/wp-content\/uploads\/2020\/08\/OSIJUT1.jpg 421w, https:\/\/lavereda.com.mx\/wp-content\/uploads\/2020\/08\/OSIJUT1-300x225.jpg 300w\" sizes=\"(max-width: 421px) 100vw, 421px\" \/><\/figure>\n\n\n\n<p><strong>\u00bfQu\u00e9 actividades realizan los integrantes de la OSIJUT?&nbsp;<\/strong><\/p>\n\n\n\n<p>\u00abEn la OSIJUT seguimos estudiando, seguimos preparando repertorio, la cuarentena entr\u00f3 a semanas de lo que iba a ser nuestro segundo concierto de temporada. Seguimos preparando tambi\u00e9n repertorio para nuestro concierto de aniversario, este 2020 la OSIJUT cumple 10 a\u00f1os.&nbsp;<\/p>\n\n\n\n<p>No sabemos cuando ser\u00e1 posible presentarlo, pero queremos estar listos. Lo que s\u00ed sabemos es que en el momento que podamos hacerlo, nuestro p\u00fablico, nosotros mismos, nuestra comunidad va a estar sumamente necesitada de este tipo de expresi\u00f3n art\u00edstica.&nbsp;<\/p>\n\n\n\n<p>Queremos estar listos para que en el momento que las autoridades nos indiquen que es seguro volver a hacer conciertos. Tambi\u00e9n estamos preparando a corto plazo una presentaci\u00f3n digital\u00bb.<\/p>\n\n\n\n<p><strong>\u00bfExiste alguna opci\u00f3n para que los m\u00fasicos vuelvan a tocar en p\u00fablico?<\/strong><\/p>\n\n\n\n<p>\u00abTal vez podr\u00edamos pensar en volver a tocar con p\u00fablico, pero al aire libre. Es quiz\u00e1s otra opci\u00f3n que sea m\u00e1s aceptable. Tiene muchas ventajas, se habla mucho de sacar la m\u00fasica de concierto de los teatros. Pero una orquesta est\u00e1 en un teatro, no por elitismo, sino porque es el contexto en el que m\u00e1s luce y se pueden apreciar todas las sutilezas de la m\u00fasica de concierto. Pero claro que hay valor sacar a las orquestas de los teatros, la contingencia por el COVID puede llevarnos a eso\u00bb.<\/p>\n\n\n\n<p><strong>\u00bfQu\u00e9 medidas y apoyo necesitan quienes se dedican a la m\u00fasica cl\u00e1sica en el pa\u00eds?<\/strong><\/p>\n\n\n\n<p>\u00abQuiz\u00e1s la respuesta f\u00e1cil es que los artistas busquen otro trabajo, pero cuando regresemos y queramos apreciar eso que ten\u00edamos ser\u00eda una l\u00e1stima que ya no exista. Ser\u00eda lamentable que perdi\u00e9ramos una generaci\u00f3n de talentosos m\u00fasicos porque no les es posible tomar una clase presencial.&nbsp;<\/p>\n\n\n\n<p>Hay que acatar las instrucciones del sector salud y esperar a que ellos nos digan cuando se pueda dar el siguiente paso. Se requiere buscar el apoyo necesario para no perder algo tan valioso, los m\u00fasicos profesionales, los j\u00f3venes talentos que se est\u00e1n formando\u00bb.<\/p>\n","protected":false},"excerpt":{"rendered":"<p>\u201cEn los tiempos dif\u00edciles es cuando m\u00e1s se necesita el arte y es cuando m\u00e1s sufren los artistas\u201d, afirma puntual Ethan Eager, director de la Orquesta Sinf\u00f3nica Juvenil de Torre\u00f3n (OSIJUT) y m\u00fasico profesional. <\/p>\n","protected":false},"author":1,"featured_media":195,"comment_status":"open","ping_status":"open","sticky":false,"template":"","format":"standard","meta":{"footnotes":""},"categories":[4],"tags":[],"class_list":["post-186","post","type-post","status-publish","format-standard","has-post-thumbnail","hentry","category-musica","entry"],"_links":{"self":[{"href":"https:\/\/lavereda.com.mx\/index.php\/wp-json\/wp\/v2\/posts\/186","targetHints":{"allow":["GET"]}}],"collection":[{"href":"https:\/\/lavereda.com.mx\/index.php\/wp-json\/wp\/v2\/posts"}],"about":[{"href":"https:\/\/lavereda.com.mx\/index.php\/wp-json\/wp\/v2\/types\/post"}],"author":[{"embeddable":true,"href":"https:\/\/lavereda.com.mx\/index.php\/wp-json\/wp\/v2\/users\/1"}],"replies":[{"embeddable":true,"href":"https:\/\/lavereda.com.mx\/index.php\/wp-json\/wp\/v2\/comments?post=186"}],"version-history":[{"count":1,"href":"https:\/\/lavereda.com.mx\/index.php\/wp-json\/wp\/v2\/posts\/186\/revisions"}],"predecessor-version":[{"id":196,"href":"https:\/\/lavereda.com.mx\/index.php\/wp-json\/wp\/v2\/posts\/186\/revisions\/196"}],"wp:featuredmedia":[{"embeddable":true,"href":"https:\/\/lavereda.com.mx\/index.php\/wp-json\/wp\/v2\/media\/195"}],"wp:attachment":[{"href":"https:\/\/lavereda.com.mx\/index.php\/wp-json\/wp\/v2\/media?parent=186"}],"wp:term":[{"taxonomy":"category","embeddable":true,"href":"https:\/\/lavereda.com.mx\/index.php\/wp-json\/wp\/v2\/categories?post=186"},{"taxonomy":"post_tag","embeddable":true,"href":"https:\/\/lavereda.com.mx\/index.php\/wp-json\/wp\/v2\/tags?post=186"}],"curies":[{"name":"wp","href":"https:\/\/api.w.org\/{rel}","templated":true}]}}