{"id":1858,"date":"2021-07-17T17:29:32","date_gmt":"2021-07-17T17:29:32","guid":{"rendered":"http:\/\/lavereda.com.mx\/?p=1858"},"modified":"2021-07-17T17:29:34","modified_gmt":"2021-07-17T17:29:34","slug":"las-de-40-y-mas","status":"publish","type":"post","link":"https:\/\/lavereda.com.mx\/index.php\/2021\/07\/17\/las-de-40-y-mas\/","title":{"rendered":"Las de 40 y m\u00e1s"},"content":{"rendered":"\n<p>\u00bfC\u00f3mo somos las mujeres de 40 y m\u00e1s? Hace tiempo que quer\u00eda escribir sobre esto. Me motiv\u00f3 m\u00e1s leer comentarios en twitter de alguien que afirm\u00f3 que desde esta edad, las mujeres sexualmente ya no valen la pena. Bueno, ya saben la tunda de cr\u00edticas que le llovieron a este personaje y la cantidad de mujeres de 40 que subieron sus fotos en perfecto estado f\u00edsico y con una belleza singular.&nbsp;<\/p>\n\n\n\n<p>Pero no quer\u00eda referirme a la belleza, que no est\u00e1 de m\u00e1s decir, es diferente en esta d\u00e9cada: hay un dejo de misterio en las miradas y el andar de las mujeres a esta edad, donde en muchos casos ya no importa tener el cuerpo perfecto, la preocupaci\u00f3n femenina se vuelca a otras \u00e1reas de la vida, sin que deje de existir el cuidado personal.<\/p>\n\n\n\n<p>Quer\u00eda referirme a lo exhausta que se empieza una a sentir en esta edad. Cuando hemos sido mujeres con una acelerada vida profesional, no queremos permitirnos el descanso, no queremos quedarnos atr\u00e1s porque ah\u00ed vienen las millennials con su dominio del mundo digital, con su facilidad para iniciar proyectos, aunque los dejen a medias. Sobre todo, con esa juventud que les permite malos h\u00e1bitos, desveladas, mala alimentaci\u00f3n y con todo ello puedan salir adelante cada d\u00eda.<\/p>\n\n\n\n<p>Somos adictas al caf\u00e9 matutino, aunque la gastritis y colitis se apodere de nuestras vidas a menudo. Las que trabajamos de ma\u00f1ana, no tenemos tiempo para ser fitness porque en las tardes atendemos a los hijos y posiblemente a otro trabajo. Con frecuencia tenemos que lidiar con migra\u00f1as, bajones de \u00e1nimo, menstruaciones m\u00e1s molestas.<\/p>\n\n\n\n<blockquote class=\"wp-block-quote is-layout-flow wp-block-quote-is-layout-flow\"><p>Queremos estar y no estar en muchas partes, valoramos a las amistades que se quedaron cuando tuvimos hijos y ya no gozamos del mismo tiempo para ir de fiesta los fines de semana. Quisi\u00e9ramos tener la energ\u00eda para hacer la vida social que pod\u00edamos hace 10 o 20 a\u00f1os, pero hubo un momento en que decidimos estar m\u00e1s tiempo en casa.<\/p><\/blockquote>\n\n\n\n<p>Nos cuesta dormir a pierna suelta. En tiempos de pandemia el insomnio nos visita cada vez m\u00e1s y quisi\u00e9ramos ser todo lo multitask posible: resolver una casa, uno o dos trabajos, mantener en primer plano la vida familiar y de pareja, no morirnos de estr\u00e9s cuando el tiempo no nos rinde y el dinero no nos alcanza.<\/p>\n\n\n\n<p>Quisi\u00e9ramos no ser juzgadas por sentir que la vida misma nos persigue y preocuparse por ello cada d\u00eda.<\/p>\n\n\n\n<p>Da miedo aceptar el paso del tiempo en esta edad. Da miedo saber que cambiamos cada d\u00eda junto con nuestra piel, nuestra vitalidad y nuestra energ\u00eda. Da miedo reconocerse mayor y cansada, aun cuando en el fondo nos miramos al espejo y descubrimos que hemos labrado una vida imperfecta, pero que aun nos emociona. El paisaje afuera, s\u00ed, aun es nuestro.<\/p>\n\n\n\n<p>Twitter: @Lavargasadri<\/p>\n","protected":false},"excerpt":{"rendered":"<p>\u00bfC\u00f3mo somos las mujeres de 40 y m\u00e1s? Hace tiempo que quer\u00eda escribir sobre esto. Me motiv\u00f3 m\u00e1s leer comentarios en twitter de alguien que afirm\u00f3 que desde esta edad, &hellip; <a href=\"https:\/\/lavereda.com.mx\/index.php\/2021\/07\/17\/las-de-40-y-mas\/\" class=\"more-link\">Leer m\u00e1s<\/a><\/p>\n","protected":false},"author":9,"featured_media":1859,"comment_status":"open","ping_status":"open","sticky":false,"template":"","format":"standard","meta":{"footnotes":""},"categories":[18,9],"tags":[],"class_list":["post-1858","post","type-post","status-publish","format-standard","has-post-thumbnail","hentry","category-lomasrelevante","category-opinion","entry"],"_links":{"self":[{"href":"https:\/\/lavereda.com.mx\/index.php\/wp-json\/wp\/v2\/posts\/1858","targetHints":{"allow":["GET"]}}],"collection":[{"href":"https:\/\/lavereda.com.mx\/index.php\/wp-json\/wp\/v2\/posts"}],"about":[{"href":"https:\/\/lavereda.com.mx\/index.php\/wp-json\/wp\/v2\/types\/post"}],"author":[{"embeddable":true,"href":"https:\/\/lavereda.com.mx\/index.php\/wp-json\/wp\/v2\/users\/9"}],"replies":[{"embeddable":true,"href":"https:\/\/lavereda.com.mx\/index.php\/wp-json\/wp\/v2\/comments?post=1858"}],"version-history":[{"count":1,"href":"https:\/\/lavereda.com.mx\/index.php\/wp-json\/wp\/v2\/posts\/1858\/revisions"}],"predecessor-version":[{"id":1860,"href":"https:\/\/lavereda.com.mx\/index.php\/wp-json\/wp\/v2\/posts\/1858\/revisions\/1860"}],"wp:featuredmedia":[{"embeddable":true,"href":"https:\/\/lavereda.com.mx\/index.php\/wp-json\/wp\/v2\/media\/1859"}],"wp:attachment":[{"href":"https:\/\/lavereda.com.mx\/index.php\/wp-json\/wp\/v2\/media?parent=1858"}],"wp:term":[{"taxonomy":"category","embeddable":true,"href":"https:\/\/lavereda.com.mx\/index.php\/wp-json\/wp\/v2\/categories?post=1858"},{"taxonomy":"post_tag","embeddable":true,"href":"https:\/\/lavereda.com.mx\/index.php\/wp-json\/wp\/v2\/tags?post=1858"}],"curies":[{"name":"wp","href":"https:\/\/api.w.org\/{rel}","templated":true}]}}