{"id":1846,"date":"2021-07-16T00:18:45","date_gmt":"2021-07-16T00:18:45","guid":{"rendered":"http:\/\/lavereda.com.mx\/?p=1846"},"modified":"2021-07-16T02:10:51","modified_gmt":"2021-07-16T02:10:51","slug":"este-viernes-16-de-julio-llega-al-coliseo-centenario-el-duo-mexicano-haash","status":"publish","type":"post","link":"https:\/\/lavereda.com.mx\/index.php\/2021\/07\/16\/este-viernes-16-de-julio-llega-al-coliseo-centenario-el-duo-mexicano-haash\/","title":{"rendered":"Este viernes llega a Torre\u00f3n el d\u00fao mexicano Ha*Ash"},"content":{"rendered":"\n<p>Vuelven a la comarca lagunera&nbsp;&nbsp;las reinas del sold out para deleitar con su m\u00fasica a todos sus fans en esta regi\u00f3n este viernes 16 de Julio a las 9:00 pm. El Coliseo Centenario&nbsp;anunci\u00f3 con anterioridad que se presentar\u00edan varios artistas, entre los cuales se incluye el dueto &nbsp;Ha*Ash.<\/p>\n\n\n\n<p>Ha*Ash es un d\u00fao mexicano de pop-country integrado por dos hermanas:, Hanna Nicole P\u00e9rez Mosa la mayor, nacida el 25 de junio de 1985; y Ashley Grace P\u00e9rez Mosa, nacida el 27 de enero de 1987. Llegaron al mundo en Lake Charles, Louisiana, Estados Unidos, donde comenzaron a cantar y a participar en festivales locales. Despu\u00e9s se mudaron a M\u00e9xico.<\/p>\n\n\n\n<p>Comenzaron su carrera con el \u00e1lbum debut hom\u00f3nimo <a href=\"https:\/\/www.cmtv.com.ar\/discos_letras\/show.php?bnid=2325&amp;banda=Ha*Ash&amp;DS_DS=10458&amp;disco=HA*ASH\" target=\"_blank\" rel=\"noreferrer noopener\">\u00abHa*Ash\u00bb<\/a> el cual sali\u00f3 en 2002, con el sencillo&nbsp;<strong><a href=\"https:\/\/www.cmtv.com.ar\/discos_letras\/letra.php?bnid=2325&amp;banda=Ha*Ash&amp;DS_DS=10458&amp;tmid=129569&amp;tema=ODIO_AMARTE\" target=\"_blank\" rel=\"noreferrer noopener\">\u201cOdio Amarte\u201d<\/a><\/strong>. Lo sigui\u00f3&nbsp;<strong><a href=\"https:\/\/www.cmtv.com.ar\/discos_letras\/letra.php?bnid=2325&amp;banda=Ha*Ash&amp;DS_DS=10458&amp;tmid=129571&amp;tema=EST%C9S_DONDE_EST%C9S\" target=\"_blank\" rel=\"noreferrer noopener\">\u201cEst\u00e9s Donde Est\u00e9s\u201d<\/a><\/strong>, canci\u00f3n elegida para musicalizar la telenovela juvenil \u201cClap&#8230; el lugar de tus sue\u00f1os\u201d de Televisa.<\/p>\n\n\n\n<p>Adem\u00e1s, las hermanas tienen una gran capacidad para la composici\u00f3n. Los 12 temas del \u00e1lbum <strong>Habitaci\u00f3n Doble<\/strong> son escritos por ellas en el cual recibieron la colaboraci\u00f3n de Brandi Carlile. Igualmente intervinieron en otros aspectos artistas como Leonel Garc\u00eda, Kany Garc\u00eda y Gian Marco Zignago.<\/p>\n\n\n\n<p>Su primer sencillo se titula \u201c<strong>No Te Quiero Nada\u201d<\/strong>.<\/p>\n\n\n\n<p>Adem\u00e1s prestaron sus voces para la cinta Tinker Bell de Disney, e Igor.<\/p>\n\n\n\n<p>En el a\u00f1o 2018 resultaron ganadoras del MTV Europe Music Awards en Espa\u00f1a en la categor\u00eda Mejor Artista Latinoam\u00e9rica Norte. Con su \u00faltimo trabajo musical lograron ser ganadoras del Vevo Certified en el Vevo Certified Award 70\u200b Estados Unidos.<\/p>\n\n\n\n<p>En el 2019 lanzan&nbsp;<a rel=\"noreferrer noopener\" href=\"https:\/\/www.cmtv.com.ar\/discos_letras\/show.php?bnid=2325&amp;banda=Ha*Ash&amp;DS_DS=13156&amp;disco=EN_VIVO_-_CD_1\" target=\"_blank\">\u00abEn vivo\u00bb<\/a>, que es el primer concierto grabado en DVD y segundo \u00e1lbum en vivo del d\u00fao.<br>El 25 de febrero de 2021, bajo la distribuci\u00f3n de Sony Music Argentina se lanz\u00f3 oficialmente <strong>\u00abFuiste m\u00eda\u00bb,<\/strong> una canci\u00f3n del d\u00fao argentino<a rel=\"noreferrer noopener\" href=\"https:\/\/www.cmtv.com.ar\/biografia\/show.php?bnid=2496&amp;banda=MyA_(Maxi_y_Agus)\" target=\"_blank\">&nbsp;MYA<\/a>&nbsp;y del d\u00fao estadounidense Ha*Ash.<\/p>\n\n\n\n<p>Este viernes para los laguneros que son fans y amantes de su m\u00fasica, sin duda ser\u00e1 una noche para recordar, pues se podr\u00e1n deleitar con los cl\u00e1sicos y la m\u00fasica actual.<\/p>\n\n\n\n<p>A\u00fan hay boletos disponibles en <a href=\"https:\/\/boletea.com.mx\/\">https:\/\/boletea.com.mx\/<\/a><\/p>\n","protected":false},"excerpt":{"rendered":"<p>Vuelven a la comarca lagunera&nbsp;&nbsp;las reinas del sold out para deleitar con su m\u00fasica a todos sus fans en esta regi\u00f3n este viernes 16 de Julio a las 9:00 pm. &hellip; <a href=\"https:\/\/lavereda.com.mx\/index.php\/2021\/07\/16\/este-viernes-16-de-julio-llega-al-coliseo-centenario-el-duo-mexicano-haash\/\" class=\"more-link\">Leer m\u00e1s<\/a><\/p>\n","protected":false},"author":14,"featured_media":1847,"comment_status":"open","ping_status":"open","sticky":false,"template":"","format":"standard","meta":{"footnotes":""},"categories":[18,4],"tags":[],"class_list":["post-1846","post","type-post","status-publish","format-standard","has-post-thumbnail","hentry","category-lomasrelevante","category-musica","entry"],"_links":{"self":[{"href":"https:\/\/lavereda.com.mx\/index.php\/wp-json\/wp\/v2\/posts\/1846","targetHints":{"allow":["GET"]}}],"collection":[{"href":"https:\/\/lavereda.com.mx\/index.php\/wp-json\/wp\/v2\/posts"}],"about":[{"href":"https:\/\/lavereda.com.mx\/index.php\/wp-json\/wp\/v2\/types\/post"}],"author":[{"embeddable":true,"href":"https:\/\/lavereda.com.mx\/index.php\/wp-json\/wp\/v2\/users\/14"}],"replies":[{"embeddable":true,"href":"https:\/\/lavereda.com.mx\/index.php\/wp-json\/wp\/v2\/comments?post=1846"}],"version-history":[{"count":2,"href":"https:\/\/lavereda.com.mx\/index.php\/wp-json\/wp\/v2\/posts\/1846\/revisions"}],"predecessor-version":[{"id":1850,"href":"https:\/\/lavereda.com.mx\/index.php\/wp-json\/wp\/v2\/posts\/1846\/revisions\/1850"}],"wp:featuredmedia":[{"embeddable":true,"href":"https:\/\/lavereda.com.mx\/index.php\/wp-json\/wp\/v2\/media\/1847"}],"wp:attachment":[{"href":"https:\/\/lavereda.com.mx\/index.php\/wp-json\/wp\/v2\/media?parent=1846"}],"wp:term":[{"taxonomy":"category","embeddable":true,"href":"https:\/\/lavereda.com.mx\/index.php\/wp-json\/wp\/v2\/categories?post=1846"},{"taxonomy":"post_tag","embeddable":true,"href":"https:\/\/lavereda.com.mx\/index.php\/wp-json\/wp\/v2\/tags?post=1846"}],"curies":[{"name":"wp","href":"https:\/\/api.w.org\/{rel}","templated":true}]}}