{"id":1842,"date":"2021-07-15T23:46:24","date_gmt":"2021-07-15T23:46:24","guid":{"rendered":"http:\/\/lavereda.com.mx\/?p=1842"},"modified":"2021-07-16T13:56:38","modified_gmt":"2021-07-16T13:56:38","slug":"la-compania-de-danza-made-ac-se-presenta-en-el-garibay","status":"publish","type":"post","link":"https:\/\/lavereda.com.mx\/index.php\/2021\/07\/15\/la-compania-de-danza-made-ac-se-presenta-en-el-garibay\/","title":{"rendered":"Compa\u00f1\u00eda de Danza MADE AC de Mazatl\u00e1n se presenta en el Garibay"},"content":{"rendered":"\n<p>Este viernes 16 de Julio en punto de las 7:00 pm en el Teatro Garibay a trav\u00e9s de la p\u00e1gina de Facebook Live e igual de manera presencial con cupo limitado, se presentar\u00e1 la Compa\u00f1\u00eda MADE AC Danza Contempor\u00e1nea de Mazatl\u00e1n Sinaloa, la cual est\u00e1 dirigida por Vanya Saavedra y Elena Su\u00e1rez colosales bailarines y core\u00f3grafos.<\/p>\n\n\n\n<p>La Compa\u00f1\u00eda MADE es de gran calidad, a nivel acad\u00e9mico y art\u00edstico, convirti\u00e9ndose en uno de los centros danc\u00edsticos m\u00e1s reconocidos del pa\u00eds, y sobre todo en un espacio lleno de vida.<\/p>\n\n\n\n<p>La danza contempor\u00e1nea es una manifestaci\u00f3n art\u00edstico-esc\u00e9nica que expresa sentimientos, ideas e historias por medio del lenguaje del movimiento, que est\u00e1 en constante evoluci\u00f3n y que se debe a una serie de m\u00e9todos corporales, t\u00e9cnicas de danza y acercamientos coreogr\u00e1ficos que lo sostienen permanentemente.<\/p>\n\n\n\n<p>Es un hecho que la danza contempor\u00e1nea tambi\u00e9n es un g\u00e9nero que enfatiza el proceso de la composici\u00f3n sobre la t\u00e9cnica, y no se limita a una forma de baile. Tambi\u00e9n incorpora distintas t\u00e9cnicas y funde elementos de diferentes g\u00e9neros de baile para expresarse como una obra de arte.<\/p>\n\n\n\n<p>Adem\u00e1s la danza es una oportunidad para reflexionar, aprender del cuerpo y desde el cuerpo. Tener un acercamiento distinto al racional a principios m\u00e1s abstractos, perseguir una comprensi\u00f3n m\u00e1s all\u00e1 del lenguaje escrito o hablado. Es, adem\u00e1s, una re conexi\u00f3n mente-emoci\u00f3n-cuerpo y nos&nbsp; recuerda de que hay cosas que llevan tiempo, que no hay actualizaciones ni aplicaciones o atajo, que tal vez la sobrecarga de informaci\u00f3n y trabajo es menos penetrante que la constancia y el estudio.<\/p>\n\n\n\n<p>Sin duda ser\u00e1 una gran presentaci\u00f3n que nos dejara un buen sabor de boca.<\/p>\n\n\n\n<p>En el programa se encuentra las siguientes participaciones<\/p>\n\n\n\n<p><strong>MOSAICO<\/strong> creaci\u00f3n e interpretaci\u00f3n de Vanya Saavedra En la sinopsis nos relatan las siguientes frases que se podr\u00e1n ver en la danza, &nbsp; \u201cSoy muchas piezas peque\u00f1itas\u201d. \u201cAlgunas necesitan hablar y saltar\u201d. \u201cHay otras que se esconden, quieren callar. Suelen ser las m\u00e1s ruidosas\u201d \u201cAprend\u00ed a abrazar mis fragmentos y las figuras caleidoscopio que proyectan a los rincones oscuros.\u201d<\/p>\n\n\n\n<p><strong>LA MAGDALENA<\/strong> Co-creaci\u00f3n&nbsp; de Carmen M\u00e9ndez y Elena Su\u00e1rez Interpretaci\u00f3n: Elena Su\u00e1rez En la sinopsis nos relatan la siguiente frase, \u201cSoy una llorona, pero no cualquier sensible amateur que se enternece al ver escenas de fracasos amorosos en las pel\u00edculas.\u201d<\/p>\n","protected":false},"excerpt":{"rendered":"<p>Este viernes 16 de Julio en punto de las 7:00 pm en el Teatro Garibay a trav\u00e9s de la p\u00e1gina de Facebook Live e igual de manera presencial con cupo &hellip; <a href=\"https:\/\/lavereda.com.mx\/index.php\/2021\/07\/15\/la-compania-de-danza-made-ac-se-presenta-en-el-garibay\/\" class=\"more-link\">Leer m\u00e1s<\/a><\/p>\n","protected":false},"author":1,"featured_media":1843,"comment_status":"open","ping_status":"open","sticky":false,"template":"","format":"standard","meta":{"footnotes":""},"categories":[2,18],"tags":[],"class_list":["post-1842","post","type-post","status-publish","format-standard","has-post-thumbnail","hentry","category-artes-escenicas","category-lomasrelevante","entry"],"_links":{"self":[{"href":"https:\/\/lavereda.com.mx\/index.php\/wp-json\/wp\/v2\/posts\/1842","targetHints":{"allow":["GET"]}}],"collection":[{"href":"https:\/\/lavereda.com.mx\/index.php\/wp-json\/wp\/v2\/posts"}],"about":[{"href":"https:\/\/lavereda.com.mx\/index.php\/wp-json\/wp\/v2\/types\/post"}],"author":[{"embeddable":true,"href":"https:\/\/lavereda.com.mx\/index.php\/wp-json\/wp\/v2\/users\/1"}],"replies":[{"embeddable":true,"href":"https:\/\/lavereda.com.mx\/index.php\/wp-json\/wp\/v2\/comments?post=1842"}],"version-history":[{"count":3,"href":"https:\/\/lavereda.com.mx\/index.php\/wp-json\/wp\/v2\/posts\/1842\/revisions"}],"predecessor-version":[{"id":1851,"href":"https:\/\/lavereda.com.mx\/index.php\/wp-json\/wp\/v2\/posts\/1842\/revisions\/1851"}],"wp:featuredmedia":[{"embeddable":true,"href":"https:\/\/lavereda.com.mx\/index.php\/wp-json\/wp\/v2\/media\/1843"}],"wp:attachment":[{"href":"https:\/\/lavereda.com.mx\/index.php\/wp-json\/wp\/v2\/media?parent=1842"}],"wp:term":[{"taxonomy":"category","embeddable":true,"href":"https:\/\/lavereda.com.mx\/index.php\/wp-json\/wp\/v2\/categories?post=1842"},{"taxonomy":"post_tag","embeddable":true,"href":"https:\/\/lavereda.com.mx\/index.php\/wp-json\/wp\/v2\/tags?post=1842"}],"curies":[{"name":"wp","href":"https:\/\/api.w.org\/{rel}","templated":true}]}}