{"id":1839,"date":"2021-07-15T15:47:47","date_gmt":"2021-07-15T15:47:47","guid":{"rendered":"http:\/\/lavereda.com.mx\/?p=1839"},"modified":"2021-07-15T15:47:49","modified_gmt":"2021-07-15T15:47:49","slug":"los-riesgos-del-ocio-23","status":"publish","type":"post","link":"https:\/\/lavereda.com.mx\/index.php\/2021\/07\/15\/los-riesgos-del-ocio-23\/","title":{"rendered":"Los riesgos del ocio"},"content":{"rendered":"\n<p>Me fractur\u00e9 un tobillo y he estado desde hace dos semanas en un reposo que no&nbsp;&nbsp;ha sido descanso porque la verdad es que, entre los dolores, la preocupaci\u00f3n del trabajo, el atarantamiento de los medicamentos y las molestias de no dormir, pues cero placer.<\/p>\n\n\n\n<p>La mayor\u00eda de la gente dice que me d\u00e9 el gusto de estos d\u00edas como de relax, pero ya les dije l\u00edneas arriba, por qu\u00e9 no he podido. Obviamente lo primero que hice fue recalendarizar todos los pendientes de la oficina y luego arreglar lo m\u00e1s posible lo impostergable por tel\u00e9fono y tratar de salir avante, porque, se sabe, que la gente enferma, herida o con cualquier situaci\u00f3n que le impida un trabajo del cien por ciento, es la primera en salir. Y los tiempos no est\u00e1n como para perder el trabajo. Todos los d\u00edas te lo recuerdan.<\/p>\n\n\n\n<blockquote class=\"wp-block-quote is-layout-flow wp-block-quote-is-layout-flow\"><p>Y tal vez mi condici\u00f3n de mujer que ha estado trabajando bajo presi\u00f3n desde que naci\u00f3 el primer beb\u00e9 lo hace m\u00e1s dif\u00edcil. No se crean que comenc\u00e9 a trabajar desde que me convert\u00ed en mam\u00e1, ya trabajaba antes, pero no hab\u00eda tanta angustia ante la posibilidad de que descubrieran que estabas enferma, herida o embarazada y perder lo que era el \u00fanico sustento de mi casa.<\/p><\/blockquote>\n\n\n\n<p>\u00bfVale la pena la queja anterior? \u00bfVale la pena dado que la mayor\u00eda de las mujeres, madres o no, estamos en la misma situaci\u00f3n? Creo que s\u00ed, tal vez no como lamento, sino que quede, una vez m\u00e1s asentado c\u00f3mo es la realidad de tantas, que no pueden escribirlo y publicarlo. Y hacer el coro a muchas otras que lo han denunciado, que buscan cambiarlo, que esperan mayor empat\u00eda por parte de la sociedad.<\/p>\n\n\n\n<p>Hace apenas un mes estaba marchando para pedir justicia por todas las mujeres que han sido asesinadas y olvidadas por las autoridades y peor a\u00fan, por las leyes de este pa\u00eds. Cu\u00e1nto dolor en los rostros de las madres y cu\u00e1nta rabia en las j\u00f3venes que eran la gran mayor\u00eda. Mi situaci\u00f3n es privilegiada, lo s\u00e9, junto a todo lo que escuch\u00e9, vi, sent\u00ed.&nbsp;<\/p>\n\n\n\n<p>Yo puedo tener un autom\u00f3vil esper\u00e1ndome a medio camino de regreso para no tener que subirme al cami\u00f3n o caminar, una vez terminada la marcha. Una pareja que tiene lista la cena de ese s\u00e1bado de protesta, y con el que puedo compartir mi sentir al respecto de toda esa pena.<\/p>\n\n\n\n<p>Me fractur\u00e9, s\u00ed, pero fue a causa de un torpe caminar, de un accidente en las p\u00e9simas banquetas de mi ciudad, no debido a golpes, zarandeadas, intentos de homicidio.<\/p>\n\n\n\n<p>Esta, mi tercera semana, estoy m\u00e1s tranquila, el dolor ha cedido. Le coment\u00e9 hoy por la ma\u00f1ana a mi marido, que nunca antes me hab\u00eda dado la oportunidad de dejarme cuidar y de sentirme tan consentida como me estoy permitiendo a partir de hoy.&nbsp;<\/p>\n\n\n\n<p>(Con la ligera molestia por la culpa de sentirme afortunada, sabiendo que no es as\u00ed para todas).<\/p>\n","protected":false},"excerpt":{"rendered":"<p>Me fractur\u00e9 un tobillo y he estado desde hace dos semanas en un reposo que no&nbsp;&nbsp;ha sido descanso porque la verdad es que, entre los dolores, la preocupaci\u00f3n del trabajo, &hellip; <a href=\"https:\/\/lavereda.com.mx\/index.php\/2021\/07\/15\/los-riesgos-del-ocio-23\/\" class=\"more-link\">Leer m\u00e1s<\/a><\/p>\n","protected":false},"author":11,"featured_media":1840,"comment_status":"open","ping_status":"open","sticky":false,"template":"","format":"standard","meta":{"footnotes":""},"categories":[9],"tags":[],"class_list":["post-1839","post","type-post","status-publish","format-standard","has-post-thumbnail","hentry","category-opinion","entry"],"_links":{"self":[{"href":"https:\/\/lavereda.com.mx\/index.php\/wp-json\/wp\/v2\/posts\/1839","targetHints":{"allow":["GET"]}}],"collection":[{"href":"https:\/\/lavereda.com.mx\/index.php\/wp-json\/wp\/v2\/posts"}],"about":[{"href":"https:\/\/lavereda.com.mx\/index.php\/wp-json\/wp\/v2\/types\/post"}],"author":[{"embeddable":true,"href":"https:\/\/lavereda.com.mx\/index.php\/wp-json\/wp\/v2\/users\/11"}],"replies":[{"embeddable":true,"href":"https:\/\/lavereda.com.mx\/index.php\/wp-json\/wp\/v2\/comments?post=1839"}],"version-history":[{"count":1,"href":"https:\/\/lavereda.com.mx\/index.php\/wp-json\/wp\/v2\/posts\/1839\/revisions"}],"predecessor-version":[{"id":1841,"href":"https:\/\/lavereda.com.mx\/index.php\/wp-json\/wp\/v2\/posts\/1839\/revisions\/1841"}],"wp:featuredmedia":[{"embeddable":true,"href":"https:\/\/lavereda.com.mx\/index.php\/wp-json\/wp\/v2\/media\/1840"}],"wp:attachment":[{"href":"https:\/\/lavereda.com.mx\/index.php\/wp-json\/wp\/v2\/media?parent=1839"}],"wp:term":[{"taxonomy":"category","embeddable":true,"href":"https:\/\/lavereda.com.mx\/index.php\/wp-json\/wp\/v2\/categories?post=1839"},{"taxonomy":"post_tag","embeddable":true,"href":"https:\/\/lavereda.com.mx\/index.php\/wp-json\/wp\/v2\/tags?post=1839"}],"curies":[{"name":"wp","href":"https:\/\/api.w.org\/{rel}","templated":true}]}}