{"id":1823,"date":"2021-07-13T19:47:38","date_gmt":"2021-07-13T19:47:38","guid":{"rendered":"http:\/\/lavereda.com.mx\/?p=1823"},"modified":"2021-07-14T15:34:55","modified_gmt":"2021-07-14T15:34:55","slug":"continua-abierta-la-convocatoria-del-concurso-nacional-de-guitarra-2021","status":"publish","type":"post","link":"https:\/\/lavereda.com.mx\/index.php\/2021\/07\/13\/continua-abierta-la-convocatoria-del-concurso-nacional-de-guitarra-2021\/","title":{"rendered":"Contin\u00faa abierta la convocatoria del Concurso Nacional de Guitarra 2021"},"content":{"rendered":"\n<p>La Secretar\u00eda de Cultura de Coahuila, informa que contin\u00faa abierta la Convocatoria al IX Concurso Nacional de Guitarra de M\u00e9xico 2021, uno de los m\u00e1s importantes a nivel nacional.<\/p>\n\n\n\n<p>La titular de la dependencia, Ana Sof\u00eda Garc\u00eda Camil, anunci\u00f3 que esta convocatoria tiene una fecha l\u00edmite de cierre, el cual es el 31 de agosto del a\u00f1o en curso, esta convocatoria es dirigida a guitarristas nacionales y extranjeros radicados en la Rep\u00fablica Mexicana, y poseedores de un nivel profesional en la ejecuci\u00f3n del instrumento y de un amplio criterio musical.<\/p>\n\n\n\n<p>Al respecto menciona la Secretaria de Cultura: \u201cEl objetivo principal es promocionar la guitarra cl\u00e1sica en nuestro pa\u00eds,\u00a0 al mismo tiempo Impulsando a sus ejecutantes, esto mediante el otorgamiento de interesantes premios\u201d.<\/p>\n\n\n\n<p>Adem\u00e1s a\u00f1adi\u00f3&nbsp; \u201cTenemos la certeza de que el Concurso Nacional de Guitarra de M\u00e9xico se ha convertido en el principal espacio de excelencia guitarr\u00edstica del Pa\u00eds, que proyecta a las futuras figuras de la guitarra nacional\u201d.<\/p>\n\n\n\n<p>Asimismo, se detall\u00f3 que la ceremonia de premiaci\u00f3n ser\u00e1 el martes 7 de septiembre del a\u00f1o en curso en punto de las 20:00 horas en el Auditorio del Museo de las Aves de M\u00e9xico, en Saltillo.<\/p>\n\n\n\n<p>Garc\u00eda Camil especific\u00f3 que los premios consisten en una cantidad econ\u00f3mica, diploma y la participaci\u00f3n en el Concierto de Gala. De esta manera, el primer lugar se lleva 75 mil pesos mexicanos; el segundo lugar accede a 35 mil pesos; el tercer lugar se queda con 20 mil pesos, y finalmente el cuarto lugar gana 5 mil pesos.<\/p>\n\n\n\n<p>Los interesados deber\u00e1n inscribirse al siguiente correo&nbsp;<a rel=\"noreferrer noopener\" href=\"mailto:concursonacionaldeguitarra@gmail.com\" target=\"_blank\">concursonacionaldeguitarra@gmail.com<\/a>, en la p\u00e1gina <a rel=\"noreferrer noopener\" href=\"https:\/\/coahuilacultura.gob.mx\/convocatorias\/convocatoria-al-ix-concurso-nacional-de-guitarra-de-mexico-2021\/\" target=\"_blank\">https:\/\/coahuilacultura.gob.mx\/convocatorias\/convocatoria-al-ix-concurso-nacional-de-guitarra-de-mexico-2021\/<\/a> Adem\u00e1s de encontrar informaci\u00f3n adicional sobre la convocatoria.<\/p>\n","protected":false},"excerpt":{"rendered":"<p>La Secretar\u00eda de Cultura de Coahuila, informa que contin\u00faa abierta la Convocatoria al IX Concurso Nacional de Guitarra de M\u00e9xico 2021, uno de los m\u00e1s importantes a nivel nacional. La &hellip; <a href=\"https:\/\/lavereda.com.mx\/index.php\/2021\/07\/13\/continua-abierta-la-convocatoria-del-concurso-nacional-de-guitarra-2021\/\" class=\"more-link\">Leer m\u00e1s<\/a><\/p>\n","protected":false},"author":1,"featured_media":1824,"comment_status":"open","ping_status":"open","sticky":false,"template":"","format":"standard","meta":{"footnotes":""},"categories":[2,18,4],"tags":[],"class_list":["post-1823","post","type-post","status-publish","format-standard","has-post-thumbnail","hentry","category-artes-escenicas","category-lomasrelevante","category-musica","entry"],"_links":{"self":[{"href":"https:\/\/lavereda.com.mx\/index.php\/wp-json\/wp\/v2\/posts\/1823","targetHints":{"allow":["GET"]}}],"collection":[{"href":"https:\/\/lavereda.com.mx\/index.php\/wp-json\/wp\/v2\/posts"}],"about":[{"href":"https:\/\/lavereda.com.mx\/index.php\/wp-json\/wp\/v2\/types\/post"}],"author":[{"embeddable":true,"href":"https:\/\/lavereda.com.mx\/index.php\/wp-json\/wp\/v2\/users\/1"}],"replies":[{"embeddable":true,"href":"https:\/\/lavereda.com.mx\/index.php\/wp-json\/wp\/v2\/comments?post=1823"}],"version-history":[{"count":6,"href":"https:\/\/lavereda.com.mx\/index.php\/wp-json\/wp\/v2\/posts\/1823\/revisions"}],"predecessor-version":[{"id":1832,"href":"https:\/\/lavereda.com.mx\/index.php\/wp-json\/wp\/v2\/posts\/1823\/revisions\/1832"}],"wp:featuredmedia":[{"embeddable":true,"href":"https:\/\/lavereda.com.mx\/index.php\/wp-json\/wp\/v2\/media\/1824"}],"wp:attachment":[{"href":"https:\/\/lavereda.com.mx\/index.php\/wp-json\/wp\/v2\/media?parent=1823"}],"wp:term":[{"taxonomy":"category","embeddable":true,"href":"https:\/\/lavereda.com.mx\/index.php\/wp-json\/wp\/v2\/categories?post=1823"},{"taxonomy":"post_tag","embeddable":true,"href":"https:\/\/lavereda.com.mx\/index.php\/wp-json\/wp\/v2\/tags?post=1823"}],"curies":[{"name":"wp","href":"https:\/\/api.w.org\/{rel}","templated":true}]}}