{"id":1814,"date":"2021-07-12T18:54:12","date_gmt":"2021-07-12T18:54:12","guid":{"rendered":"http:\/\/lavereda.com.mx\/?p=1814"},"modified":"2021-07-13T15:48:37","modified_gmt":"2021-07-13T15:48:37","slug":"impulsan-el-sotol-como-patrimonio-cultural-en-coahuila","status":"publish","type":"post","link":"https:\/\/lavereda.com.mx\/index.php\/2021\/07\/12\/impulsan-el-sotol-como-patrimonio-cultural-en-coahuila\/","title":{"rendered":"Impulsan el sotol como patrimonio cultural en Coahuila"},"content":{"rendered":"\n<p>La Secretar\u00eda de Cultura de Coahuila busca impulsar al Sotol como Patrimonio Cultural de la entidad, as\u00ed se dio a conocer en rueda de prensa el pasado fin de semana en Torre\u00f3n.<\/p>\n\n\n\n<p>La Secretaria de Cultura, Ana Sof\u00eda Garc\u00eda Camil, destac\u00f3 que s\u00f3lo tres estados cuentan con la denominaci\u00f3n de origen, los cuales son: Chihuahua, Durango y Coahuila.<\/p>\n\n\n\n<blockquote class=\"wp-block-quote is-layout-flow wp-block-quote-is-layout-flow\"><p>\u201cYa que contamos con la denominaci\u00f3n buscamos crear una estrategia de la bebida, que con su producci\u00f3n se pueda lograr su impacto a nivel no s\u00f3lo local, sino nacional\u201d, expres\u00f3.<\/p><\/blockquote>\n\n\n\n<p>En su participaci\u00f3n, el presidente del Organismo Mexicano Certificador y Regulador del Sotol (OMECS), Rodolfo Haro P\u00e1manes, expres\u00f3 que la tendencia del sotol va al alza, por lo que como Estado se debe estar preparado para realizar el proceso de manera ordenada y entregar un producto de calidad.<\/p>\n\n\n\n<p>Por su parte, el Director de Cultura Escrita de la SC, Juan Salvador \u00c1lvarez, inform\u00f3 que para dar impulso al conocimiento de esta planta patrimonio cultural intangible de Coahuila, OMECS estar\u00e1 presente en la Feria Internacional del Libro de Coahuila con charlas sobre el origen y aprovechamiento de la planta, mixolog\u00eda y degustaci\u00f3n del producto de producci\u00f3n coahuilense.<\/p>\n\n\n\n<p>Como se recordar\u00e1, el 8 de agosto de 2002 se public\u00f3 en el Diario Oficial de la Federaci\u00f3n la \u201cDeclaraci\u00f3n de Protecci\u00f3n a la Denominaci\u00f3n Sotol\u201d para los estados de Chihuahua, Durango y Coahuila de Zaragoza.&nbsp;<\/p>\n\n\n\n<p>En el caso de la declaratoria de Patrimonio Cultural Intangible del Estado de Coahuila al Sotol, se llev\u00f3 a cabo a trav\u00e9s de un decreto el pasado 2 de octubre de 2019.<\/p>\n\n\n\n<p>Esta tiene el objetivo de la promoci\u00f3n y difusi\u00f3n de la cultura generada en torno al mismo, con la b\u00fasqueda de mejorar las condiciones de organizaci\u00f3n de los productores de los bienes generados por la planta, ya sean bebidas u objetos artesanales y lograr su posicionamiento como un distintivo coahuilense en el Pa\u00eds, con reconocimiento internacional.<\/p>\n\n\n\n<p>Estuvieron presentes durante la rueda de prensa, la Secretaria de Cultura, Ana Sof\u00eda Garc\u00eda Camil; el presidente del Organismo Mexicano Certificador y Regulador del Sotol (OMECS), Rodolfo Haro P\u00e1manes; el Director de Cultura Escrita de la SC, Juan Salvador \u00c1lvarez; el Comisario de Omecs, Miguel Vesu\u00f1a Rivero, y la Directora del Centro de Convenciones de Torre\u00f3n, Lorena Safa Serrato.<\/p>\n","protected":false},"excerpt":{"rendered":"<p>La Secretar\u00eda de Cultura de Coahuila busca impulsar al Sotol como Patrimonio Cultural de la entidad, as\u00ed se dio a conocer en rueda de prensa el pasado fin de semana &hellip; <a href=\"https:\/\/lavereda.com.mx\/index.php\/2021\/07\/12\/impulsan-el-sotol-como-patrimonio-cultural-en-coahuila\/\" class=\"more-link\">Leer m\u00e1s<\/a><\/p>\n","protected":false},"author":1,"featured_media":1815,"comment_status":"open","ping_status":"open","sticky":false,"template":"","format":"standard","meta":{"footnotes":""},"categories":[18,8],"tags":[],"class_list":["post-1814","post","type-post","status-publish","format-standard","has-post-thumbnail","hentry","category-lomasrelevante","category-sociedad","entry"],"_links":{"self":[{"href":"https:\/\/lavereda.com.mx\/index.php\/wp-json\/wp\/v2\/posts\/1814","targetHints":{"allow":["GET"]}}],"collection":[{"href":"https:\/\/lavereda.com.mx\/index.php\/wp-json\/wp\/v2\/posts"}],"about":[{"href":"https:\/\/lavereda.com.mx\/index.php\/wp-json\/wp\/v2\/types\/post"}],"author":[{"embeddable":true,"href":"https:\/\/lavereda.com.mx\/index.php\/wp-json\/wp\/v2\/users\/1"}],"replies":[{"embeddable":true,"href":"https:\/\/lavereda.com.mx\/index.php\/wp-json\/wp\/v2\/comments?post=1814"}],"version-history":[{"count":1,"href":"https:\/\/lavereda.com.mx\/index.php\/wp-json\/wp\/v2\/posts\/1814\/revisions"}],"predecessor-version":[{"id":1816,"href":"https:\/\/lavereda.com.mx\/index.php\/wp-json\/wp\/v2\/posts\/1814\/revisions\/1816"}],"wp:featuredmedia":[{"embeddable":true,"href":"https:\/\/lavereda.com.mx\/index.php\/wp-json\/wp\/v2\/media\/1815"}],"wp:attachment":[{"href":"https:\/\/lavereda.com.mx\/index.php\/wp-json\/wp\/v2\/media?parent=1814"}],"wp:term":[{"taxonomy":"category","embeddable":true,"href":"https:\/\/lavereda.com.mx\/index.php\/wp-json\/wp\/v2\/categories?post=1814"},{"taxonomy":"post_tag","embeddable":true,"href":"https:\/\/lavereda.com.mx\/index.php\/wp-json\/wp\/v2\/tags?post=1814"}],"curies":[{"name":"wp","href":"https:\/\/api.w.org\/{rel}","templated":true}]}}