{"id":1811,"date":"2021-07-11T13:46:19","date_gmt":"2021-07-11T13:46:19","guid":{"rendered":"http:\/\/lavereda.com.mx\/?p=1811"},"modified":"2021-07-11T13:46:21","modified_gmt":"2021-07-11T13:46:21","slug":"la-balada-de-buster-scruggs","status":"publish","type":"post","link":"https:\/\/lavereda.com.mx\/index.php\/2021\/07\/11\/la-balada-de-buster-scruggs\/","title":{"rendered":"La Balada de Buster Scruggs"},"content":{"rendered":"\n<p><strong>(The Balad of Buster Scruggs, 2018)<\/strong><\/p>\n\n\n\n<p>Los Hermanos Coen son unos genios.<\/p>\n\n\n\n<p>Esta pel\u00edcula nominada al Oscar por guion es una compilaci\u00f3n de cuentos cortos, como vi\u00f1etas de historias inveros\u00edmiles del salvaje oeste. No es una cinta \u00fanica, si no una serie de seis relatos aislados que van desde lo ins\u00f3lito, hasta los descabellado, pasando por las m\u00e1s sorprendentes iron\u00edas.<\/p>\n\n\n\n<p>Todo es contado con un humor refinado, en un compendio de an\u00e9cdotas que los Coen hab\u00edan escrito a lo largo de veinticinco, a\u00f1os sin saber cu\u00e1ndo las llevar\u00edan al cine.<\/p>\n\n\n\n<p>Por ah\u00ed est\u00e1n la historia del pistolero invencible que le da t\u00edtulo a la historia, la de otro muchacho que busca estrenarse como asaltabancos con muy mala suerte, un forinainer que encuentra el oro so\u00f1ado, aunque tiene que enfrentar una acechanza, una caravana donde dos de sus integrantes inesperadamente descubren el amor, y un empresario de espect\u00e1culos circenses que no sabe que hacer con el hombre que representa su n\u00famero principal..<\/p>\n\n\n\n<p>La constante de los relatos es que se basan en la moralidad, la soledad y la violencia y, como constante tienen involucradas muertes no accidentales.<\/p>\n\n\n\n<p>Inicialmente se hab\u00eda comentado que ser\u00eda una serie para ser presentada en streaming, aunque al final, afortunadamente va como una pel\u00edcula.<\/p>\n\n\n\n<p>El casting est\u00e1 conformado por Liam Neeson, Tim Blake Nelson, Zoe Kazan, James Franco, Tom Waits,&nbsp;<\/p>\n\n\n\n<p>Es la primera producci\u00f3n digital de los Coen.<\/p>\n\n\n\n<p>Muy interesante y entretenida.<\/p>\n\n\n\n<p>(R. Restringido; menores de 17 deben estar acompa\u00f1ados de sus padres)<\/p>\n\n\n\n<p>Netflix<\/p>\n\n\n\n<p>Twitter @LucianoCamposG<\/p>\n","protected":false},"excerpt":{"rendered":"<p>(The Balad of Buster Scruggs, 2018) Los Hermanos Coen son unos genios. Esta pel\u00edcula nominada al Oscar por guion es una compilaci\u00f3n de cuentos cortos, como vi\u00f1etas de historias inveros\u00edmiles &hellip; <a href=\"https:\/\/lavereda.com.mx\/index.php\/2021\/07\/11\/la-balada-de-buster-scruggs\/\" class=\"more-link\">Leer m\u00e1s<\/a><\/p>\n","protected":false},"author":3,"featured_media":1812,"comment_status":"open","ping_status":"open","sticky":false,"template":"","format":"standard","meta":{"footnotes":""},"categories":[6],"tags":[],"class_list":["post-1811","post","type-post","status-publish","format-standard","has-post-thumbnail","hentry","category-cinetv","entry"],"_links":{"self":[{"href":"https:\/\/lavereda.com.mx\/index.php\/wp-json\/wp\/v2\/posts\/1811","targetHints":{"allow":["GET"]}}],"collection":[{"href":"https:\/\/lavereda.com.mx\/index.php\/wp-json\/wp\/v2\/posts"}],"about":[{"href":"https:\/\/lavereda.com.mx\/index.php\/wp-json\/wp\/v2\/types\/post"}],"author":[{"embeddable":true,"href":"https:\/\/lavereda.com.mx\/index.php\/wp-json\/wp\/v2\/users\/3"}],"replies":[{"embeddable":true,"href":"https:\/\/lavereda.com.mx\/index.php\/wp-json\/wp\/v2\/comments?post=1811"}],"version-history":[{"count":1,"href":"https:\/\/lavereda.com.mx\/index.php\/wp-json\/wp\/v2\/posts\/1811\/revisions"}],"predecessor-version":[{"id":1813,"href":"https:\/\/lavereda.com.mx\/index.php\/wp-json\/wp\/v2\/posts\/1811\/revisions\/1813"}],"wp:featuredmedia":[{"embeddable":true,"href":"https:\/\/lavereda.com.mx\/index.php\/wp-json\/wp\/v2\/media\/1812"}],"wp:attachment":[{"href":"https:\/\/lavereda.com.mx\/index.php\/wp-json\/wp\/v2\/media?parent=1811"}],"wp:term":[{"taxonomy":"category","embeddable":true,"href":"https:\/\/lavereda.com.mx\/index.php\/wp-json\/wp\/v2\/categories?post=1811"},{"taxonomy":"post_tag","embeddable":true,"href":"https:\/\/lavereda.com.mx\/index.php\/wp-json\/wp\/v2\/tags?post=1811"}],"curies":[{"name":"wp","href":"https:\/\/api.w.org\/{rel}","templated":true}]}}