{"id":181,"date":"2020-08-15T02:57:13","date_gmt":"2020-08-15T02:57:13","guid":{"rendered":"https:\/\/web.lavereda.com.mx\/?p=181"},"modified":"2020-08-15T02:57:13","modified_gmt":"2020-08-15T02:57:13","slug":"los-creadores-trabajamos-en-solitario-laura-velazquez","status":"publish","type":"post","link":"https:\/\/lavereda.com.mx\/index.php\/2020\/08\/15\/los-creadores-trabajamos-en-solitario-laura-velazquez\/","title":{"rendered":"Los creadores trabajamos en solitario: Laura Vel\u00e1zquez"},"content":{"rendered":"\n<p>El lienzo en frente, muchos pinceles, tonalidades y quiz\u00e1s algo de m\u00fasica es lo que acompa\u00f1a diariamente el trabajo solitario del artista pl\u00e1stico. Para ellas y ellos, la cuarentena es algo f\u00e1cil de sobrellevar por la soledad acostumbrada, pero todo un reto para la inspiraci\u00f3n y para salir adelante econ\u00f3micamente.<\/p>\n\n\n\n<p>Desde Le\u00f3n, Guanajuato; la ciudad en la que actualmente habita la pintora lagunera Laura Vel\u00e1zquez nos comparte en entrevista, parte del proceso creativo que experimenta en estos d\u00edas de contingencia.<\/p>\n\n\n\n<hr class=\"wp-block-separator\" id=\"system-readmore\"\/>\n\n\n\n<p><strong><em>\u00bfC\u00f3mo vive el artista pl\u00e1stico el trabajo en cuarentena?<\/em><\/strong><\/p>\n\n\n\n<p>\u201cLos creadores pl\u00e1sticos, escritores, escultores etc., &nbsp;trabajamos de una manera individual y solitaria. &nbsp;El entorno social dirige muchas veces la manifestaci\u00f3n de tu pieza y da giro a investigar y desarrollar los temas que navegan en el entorno al que perteneces, en mi caso casi siempre manejos problemas sociales en los que trato de plasmar las emociones que se detonan a ra\u00edz del tema que desarrollo\u201d.<\/p>\n\n\n\n<p><strong><em>&nbsp;\u00bfQu\u00e9 temas exploras actualmente?<\/em><\/strong><\/p>\n\n\n\n<blockquote class=\"wp-block-quote is-layout-flow wp-block-quote-is-layout-flow\"><p>\u201cEl brusco cambio hist\u00f3rico que se ha suscitado a trav\u00e9s de COVID 19 por supuesto que ha desencadenado una cantidad de &nbsp;im\u00e1genes y emociones que no hab\u00eda experimentado, las visiones me vienen &nbsp;de arriba abajo y de un lado a otro viendo y escuchando las diferentes opiniones y conductas humanas, &nbsp;en esto suscita el cambio de lo habitual en tu trabajo como creadora, cambia repentinamente el lenguaje &nbsp;pict\u00f3rico e indagas para plasmar este suceso hist\u00f3rico.&nbsp;<\/p><p>La manera de trabajar aislado no es lo dif\u00edcil, son las formas limitantes las que hacen replantear esta manera de encierro humanamente necesario para crear sin da\u00f1ar tu estado psicol\u00f3gico\u201d. &nbsp;<\/p><\/blockquote>\n\n\n\n<p><strong><em>\u00bfEste tiempo de contingencia es inspiraci\u00f3n en tu pintura?<\/em><\/strong><\/p>\n\n\n\n<p>\u201cEn mi caso me gustan los retos y la disciplina por lo que me sent\u00e9 y me habl\u00e9 pensando que es una gran oportunidad para manifestar una creaci\u00f3n o varias, &nbsp;explorando mi estado art\u00edstico y ver de una manera fina lo que nos ata\u00f1e. &nbsp;<\/p>\n\n\n\n<p>La inspiraci\u00f3n viene trabajando en los puntos a tratar, en este caso de mi sociedad mexicana y un hijo en el extranjero me hace pensar de una manera positiva para modificar el camino. El informarse &nbsp;por fuentes fidedignas ayuda a no caer en p\u00e1nico y mantener la calma.<\/p>\n\n\n\n<p>En mis piezas recientes sobre el tema me he enfocado en mantenernos activos en la precauci\u00f3n y no quitar el dedo del rengl\u00f3n de una manera clara los puntos que nos ayudan a desactivar la contaminaci\u00f3n\u00bb.<\/p>\n\n\n\n<figure class=\"wp-block-image size-large\"><img fetchpriority=\"high\" decoding=\"async\" width=\"252\" height=\"316\" src=\"https:\/\/web.lavereda.com.mx\/wp-content\/uploads\/2020\/08\/laura2.jpeg\" alt=\"\" class=\"wp-image-182\" srcset=\"https:\/\/lavereda.com.mx\/wp-content\/uploads\/2020\/08\/laura2.jpeg 252w, https:\/\/lavereda.com.mx\/wp-content\/uploads\/2020\/08\/laura2-239x300.jpeg 239w\" sizes=\"(max-width: 252px) 100vw, 252px\" \/><\/figure>\n\n\n\n<p><em><strong>\u00bfQu\u00e9 dificultades econ\u00f3micas se viven como artista?<\/strong><\/em><\/p>\n\n\n\n<blockquote class=\"wp-block-quote is-layout-flow wp-block-quote-is-layout-flow\"><p>\u201cA muchos creadores nos afecta el tema de lo &nbsp;econ\u00f3mico y &nbsp;sobre el camino en que se conducir\u00e1n &nbsp;los giros de venta de tus piezas y\/o proyectos entablados, pero ante esto, entra la verdadera raz\u00f3n que, es cuidar la salud por ante todas las cosas y mantenerte dentro de las limitaciones que conduzcan a una sociedad sana\u201d.&nbsp;<\/p><\/blockquote>\n\n\n\n<p>Finalmente, la artista ofreci\u00f3 este mensaje: \u201cLos invito a No tener Contactos externos, no hagamos red de infecci\u00f3n y rompamos las atm\u00f3sferas negativas para crear una energ\u00eda positiva que invada el entorno\u201d.&nbsp;<\/p>\n","protected":false},"excerpt":{"rendered":"<p>El lienzo en frente, muchos pinceles, tonalidades y quiz\u00e1s algo de m\u00fasica es lo que acompa\u00f1a diariamente el trabajo solitario del artista pl\u00e1stico. Para ellas y ellos, la cuarentena es algo f\u00e1cil de sobrellevar por la soledad acostumbrada, pero todo un reto para la inspiraci\u00f3n y para salir adelante econ\u00f3micamente.<\/p>\n","protected":false},"author":1,"featured_media":170,"comment_status":"open","ping_status":"open","sticky":false,"template":"","format":"standard","meta":{"footnotes":""},"categories":[3],"tags":[],"class_list":["post-181","post","type-post","status-publish","format-standard","has-post-thumbnail","hentry","category-artes-visuales","entry"],"_links":{"self":[{"href":"https:\/\/lavereda.com.mx\/index.php\/wp-json\/wp\/v2\/posts\/181","targetHints":{"allow":["GET"]}}],"collection":[{"href":"https:\/\/lavereda.com.mx\/index.php\/wp-json\/wp\/v2\/posts"}],"about":[{"href":"https:\/\/lavereda.com.mx\/index.php\/wp-json\/wp\/v2\/types\/post"}],"author":[{"embeddable":true,"href":"https:\/\/lavereda.com.mx\/index.php\/wp-json\/wp\/v2\/users\/1"}],"replies":[{"embeddable":true,"href":"https:\/\/lavereda.com.mx\/index.php\/wp-json\/wp\/v2\/comments?post=181"}],"version-history":[{"count":1,"href":"https:\/\/lavereda.com.mx\/index.php\/wp-json\/wp\/v2\/posts\/181\/revisions"}],"predecessor-version":[{"id":183,"href":"https:\/\/lavereda.com.mx\/index.php\/wp-json\/wp\/v2\/posts\/181\/revisions\/183"}],"wp:featuredmedia":[{"embeddable":true,"href":"https:\/\/lavereda.com.mx\/index.php\/wp-json\/wp\/v2\/media\/170"}],"wp:attachment":[{"href":"https:\/\/lavereda.com.mx\/index.php\/wp-json\/wp\/v2\/media?parent=181"}],"wp:term":[{"taxonomy":"category","embeddable":true,"href":"https:\/\/lavereda.com.mx\/index.php\/wp-json\/wp\/v2\/categories?post=181"},{"taxonomy":"post_tag","embeddable":true,"href":"https:\/\/lavereda.com.mx\/index.php\/wp-json\/wp\/v2\/tags?post=181"}],"curies":[{"name":"wp","href":"https:\/\/api.w.org\/{rel}","templated":true}]}}