{"id":1808,"date":"2021-07-11T13:38:54","date_gmt":"2021-07-11T13:38:54","guid":{"rendered":"http:\/\/lavereda.com.mx\/?p=1808"},"modified":"2021-07-11T13:38:56","modified_gmt":"2021-07-11T13:38:56","slug":"sebastian-yatra-llegara-al-coliseo-centenario","status":"publish","type":"post","link":"https:\/\/lavereda.com.mx\/index.php\/2021\/07\/11\/sebastian-yatra-llegara-al-coliseo-centenario\/","title":{"rendered":"Sebasti\u00e1n Yatra llegar\u00e1 al Coliseo Centenario"},"content":{"rendered":"\n<p>Despu\u00e9s de la pandemia viene la m\u00fasica.&nbsp;<\/p>\n\n\n\n<p>Pese a un a\u00f1o donde se ve\u00eda que segu\u00edamos con el hashtag #QuedateEnCasa, los m\u00fasicos comenzaron nuevamente con las giras en diferentes partes del mundo, esto no significa que ya no haya pandemia, si no que a pesar de ello, se tomaran todas las medidas necesarias para los conciertos que tendr\u00e1n los artistas en los pr\u00f3ximos meses.<\/p>\n\n\n\n<p>El pr\u00f3ximo 30 de Julio del 2021 el cantante y compositor colombiano de balada, pop latino y reguet\u00f3n, Sebasti\u00e1n Yatra, se presentar\u00e1 en el Coliseo Centenario, en Torre\u00f3n, Coahuila en punto de las nueve de la noche.<\/p>\n\n\n\n<p>Se ha dicho en varias ocasiones que la m\u00fasica del artista no falta en los playlist, y sigue asombr\u00e1ndonos. El artista cuenta con 26 a\u00f1os, su signo es Libra, naci\u00f3 en&nbsp;Medell\u00edn,&nbsp;Colombia.<\/p>\n\n\n\n<p>&nbsp;La m\u00fasica ha sido una de las grandes pasiones de Sebasti\u00e1n Yatra, desde peque\u00f1o el int\u00e9rprete so\u00f1aba con alcanzar el \u00e9xito, a trav\u00e9s de sus capacidades art\u00edsticas. Sus primeros escenarios fueron concursos y festivales de canto, en los que con frecuencia demostraba su creciente talento. A los 19 a\u00f1os lanz\u00f3 su primer sencillo titulado el \u201cpsic\u00f3logo\u201c el cual lleg\u00f3al tercer lugar de \u00e9xitos de m\u00fasica latina en Colombia.&nbsp;M\u00e1s que un cantante se le ha visto como coach en \u2018La Voz Kids\u2019 de Colombia y ha sido la voz del personaje de Migo en la pel\u00edcula \u2018Pie Peque\u00f1o\u2019.<\/p>\n\n\n\n<p>Su talentoso trabajo realizado desde sus inicios musicales, y a\u00f1os antes, Sebasti\u00e1n Yatra tuvo en 2016 importantes logros. Comenz\u00f3 con el reconocimiento internacional, al ser nominado a Los Premios Juventud en la categor\u00eda Producers Choice Awards; tambi\u00e9n fue nominado, en la categor\u00eda Artista Revelaci\u00f3n, de los Premios HEAT 2016 otorgados por la cadena de televisi\u00f3n internacional HTV. De igual modo, fue invitado a participar en el evento 40 M\u00e9xico, realizado en el Estadio Azteca, con capacidad para m\u00e1s de ochenta y cinco mil espectadores; en ese evento gan\u00f3 la primera estatuilla de su carrera musical.<\/p>\n\n\n\n<p>Uno de sus m\u00e1s recientes sencillos es pareja del a\u00f1o canci\u00f3n lanzada en abril de 2021, y fue compuesto por Yatra mientras se encontraba disfrutando de un viaje en yate. Se trata de un tema en\u00a0colaboraci\u00f3n con el puertorrique\u00f1o Myke Towers; acumul\u00f3 7 millones de reproducciones en todas las plataformas donde fue lanzado durante su primer fin de semana. Y como olvidar el sencillo \u201cNo hay nadie m\u00e1s\u201d\u00a0\u00a0del primer \u00e1lbum\u00a0de estudio de Sebasti\u00e1n Yatra, Mantra.<\/p>\n\n\n\n<p>Sin duda ser\u00e1 un concierto para recordar y lleno de emociones, para comprar tus boletos visita la p\u00e1gina Boletea tickets o directamente en el coliseo centenario (<a href=\"https:\/\/boletea.com\/info.php?detalles=sebastianyatratorreon\">https:\/\/boletea.com\/info.php?detalles=sebastianyatratorreon<\/a>)<\/p>\n","protected":false},"excerpt":{"rendered":"<p>Despu\u00e9s de la pandemia viene la m\u00fasica.&nbsp; Pese a un a\u00f1o donde se ve\u00eda que segu\u00edamos con el hashtag #QuedateEnCasa, los m\u00fasicos comenzaron nuevamente con las giras en diferentes partes &hellip; <a href=\"https:\/\/lavereda.com.mx\/index.php\/2021\/07\/11\/sebastian-yatra-llegara-al-coliseo-centenario\/\" class=\"more-link\">Leer m\u00e1s<\/a><\/p>\n","protected":false},"author":14,"featured_media":1809,"comment_status":"open","ping_status":"open","sticky":false,"template":"","format":"standard","meta":{"footnotes":""},"categories":[7,4],"tags":[],"class_list":["post-1808","post","type-post","status-publish","format-standard","has-post-thumbnail","hentry","category-entretenimiento","category-musica","entry"],"_links":{"self":[{"href":"https:\/\/lavereda.com.mx\/index.php\/wp-json\/wp\/v2\/posts\/1808","targetHints":{"allow":["GET"]}}],"collection":[{"href":"https:\/\/lavereda.com.mx\/index.php\/wp-json\/wp\/v2\/posts"}],"about":[{"href":"https:\/\/lavereda.com.mx\/index.php\/wp-json\/wp\/v2\/types\/post"}],"author":[{"embeddable":true,"href":"https:\/\/lavereda.com.mx\/index.php\/wp-json\/wp\/v2\/users\/14"}],"replies":[{"embeddable":true,"href":"https:\/\/lavereda.com.mx\/index.php\/wp-json\/wp\/v2\/comments?post=1808"}],"version-history":[{"count":1,"href":"https:\/\/lavereda.com.mx\/index.php\/wp-json\/wp\/v2\/posts\/1808\/revisions"}],"predecessor-version":[{"id":1810,"href":"https:\/\/lavereda.com.mx\/index.php\/wp-json\/wp\/v2\/posts\/1808\/revisions\/1810"}],"wp:featuredmedia":[{"embeddable":true,"href":"https:\/\/lavereda.com.mx\/index.php\/wp-json\/wp\/v2\/media\/1809"}],"wp:attachment":[{"href":"https:\/\/lavereda.com.mx\/index.php\/wp-json\/wp\/v2\/media?parent=1808"}],"wp:term":[{"taxonomy":"category","embeddable":true,"href":"https:\/\/lavereda.com.mx\/index.php\/wp-json\/wp\/v2\/categories?post=1808"},{"taxonomy":"post_tag","embeddable":true,"href":"https:\/\/lavereda.com.mx\/index.php\/wp-json\/wp\/v2\/tags?post=1808"}],"curies":[{"name":"wp","href":"https:\/\/api.w.org\/{rel}","templated":true}]}}