{"id":1805,"date":"2021-07-09T20:45:51","date_gmt":"2021-07-09T20:45:51","guid":{"rendered":"http:\/\/lavereda.com.mx\/?p=1805"},"modified":"2021-07-09T20:47:05","modified_gmt":"2021-07-09T20:47:05","slug":"rciben-capacitacion-sanitaria-encargados-de-la-feria-del-libro-de-coahuila","status":"publish","type":"post","link":"https:\/\/lavereda.com.mx\/index.php\/2021\/07\/09\/rciben-capacitacion-sanitaria-encargados-de-la-feria-del-libro-de-coahuila\/","title":{"rendered":"Reciben capacitaci\u00f3n sanitaria encargados de la Feria del Libro de Coahuila"},"content":{"rendered":"\n<p>La Secretar\u00eda de Cultura de Coahuila, dio a conocer que los encargados de la Feria Internacional del Libro de Coahuila (FILC) fueron capacitados para realizar este importante evento con las medidas sanitarias pertinentes.<\/p>\n\n\n\n<p>&nbsp;En este contexto, recientemente la Secretaria de Cultura, Ana Sof\u00eda Garc\u00eda Camil, se\u00f1al\u00f3 que la feria se realizar\u00e1 del 16 al 26 de septiembre en las instalaciones de la Universidad Aut\u00f3noma de Coahuila (UAdeC) Campus Arteaga.<\/p>\n\n\n\n<p>El a\u00f1o pasado la Feria del Libro fue suspendida a causa de la pandemia del Covid 19, al igual que la mayor\u00eda de los festivales y ferias en todo el pa\u00eds y parte del mundo. Este a\u00f1o se realizar\u00e1 con un aforo de p\u00fablico permitido seg\u00fan se encuentre el sem\u00e1foro epidemiol\u00f3gico en la entidad.<\/p>\n\n\n\n<p>Ana Sof\u00eda Garc\u00eda recalc\u00f3 que la prioridad es respetar y llevar a cabo el cumplimiento total de los protocolos de salud.<\/p>\n\n\n\n<p>Mientras que el Director de Cultura Escrita de la SC, Juan Salvador \u00c1lvarez, indic\u00f3 que el equipo encargado de la Feria del Libro tom\u00f3 la capacitaci\u00f3n de Calidad Higi\u00e9nica Coahuila.<\/p>\n\n\n\n<blockquote class=\"wp-block-quote is-layout-flow wp-block-quote-is-layout-flow\"><p>\u201cEstamos siguiendo todas las recomendaciones sanitarias para realizar con todos los protocolos pertinentes este evento\u201d, dijo. \u201cCon esta capacitaci\u00f3n los responsables de la FILC tuvimos la oportunidad de recibir asesor\u00eda, as\u00ed como resolver todas nuestras dudas para entregar un evento cultural del calidad\u201d.<\/p><\/blockquote>\n\n\n\n<p>C\u00f3mo se recordar\u00e1, el Estado, el Pa\u00eds y la instituci\u00f3n invitados ser\u00e1n Oaxaca, Italia y la Academia Mexicana de la Lengua, cuyos representantes han confirmado su asistencia al tradicional festival de las letras.<\/p>\n","protected":false},"excerpt":{"rendered":"<p>La Secretar\u00eda de Cultura de Coahuila, dio a conocer que los encargados de la Feria Internacional del Libro de Coahuila (FILC) fueron capacitados para realizar este importante evento con las &hellip; <a href=\"https:\/\/lavereda.com.mx\/index.php\/2021\/07\/09\/rciben-capacitacion-sanitaria-encargados-de-la-feria-del-libro-de-coahuila\/\" class=\"more-link\">Leer m\u00e1s<\/a><\/p>\n","protected":false},"author":1,"featured_media":834,"comment_status":"open","ping_status":"open","sticky":false,"template":"","format":"standard","meta":{"footnotes":""},"categories":[5,18],"tags":[],"class_list":["post-1805","post","type-post","status-publish","format-standard","has-post-thumbnail","hentry","category-letras-y-libros","category-lomasrelevante","entry"],"_links":{"self":[{"href":"https:\/\/lavereda.com.mx\/index.php\/wp-json\/wp\/v2\/posts\/1805","targetHints":{"allow":["GET"]}}],"collection":[{"href":"https:\/\/lavereda.com.mx\/index.php\/wp-json\/wp\/v2\/posts"}],"about":[{"href":"https:\/\/lavereda.com.mx\/index.php\/wp-json\/wp\/v2\/types\/post"}],"author":[{"embeddable":true,"href":"https:\/\/lavereda.com.mx\/index.php\/wp-json\/wp\/v2\/users\/1"}],"replies":[{"embeddable":true,"href":"https:\/\/lavereda.com.mx\/index.php\/wp-json\/wp\/v2\/comments?post=1805"}],"version-history":[{"count":2,"href":"https:\/\/lavereda.com.mx\/index.php\/wp-json\/wp\/v2\/posts\/1805\/revisions"}],"predecessor-version":[{"id":1807,"href":"https:\/\/lavereda.com.mx\/index.php\/wp-json\/wp\/v2\/posts\/1805\/revisions\/1807"}],"wp:featuredmedia":[{"embeddable":true,"href":"https:\/\/lavereda.com.mx\/index.php\/wp-json\/wp\/v2\/media\/834"}],"wp:attachment":[{"href":"https:\/\/lavereda.com.mx\/index.php\/wp-json\/wp\/v2\/media?parent=1805"}],"wp:term":[{"taxonomy":"category","embeddable":true,"href":"https:\/\/lavereda.com.mx\/index.php\/wp-json\/wp\/v2\/categories?post=1805"},{"taxonomy":"post_tag","embeddable":true,"href":"https:\/\/lavereda.com.mx\/index.php\/wp-json\/wp\/v2\/tags?post=1805"}],"curies":[{"name":"wp","href":"https:\/\/api.w.org\/{rel}","templated":true}]}}