{"id":1781,"date":"2021-07-04T16:17:06","date_gmt":"2021-07-04T16:17:06","guid":{"rendered":"http:\/\/lavereda.com.mx\/?p=1781"},"modified":"2021-07-04T16:17:08","modified_gmt":"2021-07-04T16:17:08","slug":"bestias-sin-nacion","status":"publish","type":"post","link":"https:\/\/lavereda.com.mx\/index.php\/2021\/07\/04\/bestias-sin-nacion\/","title":{"rendered":"Bestias sin Naci\u00f3n"},"content":{"rendered":"\n<p><strong>(Beasts of\u00a0\u00a0no Nation, 2015)<\/strong><\/p>\n\n\n\n<p>La guerra civil en los pa\u00edses de \u00c1frica es un drama que no termina jam\u00e1s.<\/p>\n\n\n\n<p>Cary Fukunga adapta y dirige esta poderosa historia sobre Agu, un ni\u00f1o al que un conflicto b\u00e9lico obliga a crecer. Su familia ha quedado atrapada en un conflicto sin raz\u00f3n, que es dominado por quien tiene m\u00e1s poder de fuego.<\/p>\n\n\n\n<p>Con su pueblo arrasado y sin escapatoria, es obligado a integrarse a las filas de un ej\u00e9rcito rebelde que defiende la posici\u00f3n. Pero como soldado no s\u00f3lo deber\u00e1 cargar un pesado fusil y disparar a personas que no conoce y por razones que nadie le ha explicado. Tendr\u00e1 que prestarle al l\u00edder de la resistencia otros servicios que lo hacen odiarse como persona.<\/p>\n\n\n\n<p>No se dice donde ocurre la acci\u00f3n, ni a qu\u00e9 gobierno representa. No se mencionan perfiles pol\u00edticos ni razones ideol\u00f3gicas del conflicto. Lo \u00fanico que prevalece es el enfoque sobre los ni\u00f1os y ni\u00f1as a los que se les ha arrebatado la infancia, para ser utilizados como carnada en el frente.<\/p>\n\n\n\n<p>Es tremenda la actuaci\u00f3n de Abraham Attah, como el ni\u00f1o combatiente, junto a la de Idris Elba, que interpreta al carism\u00e1tico, pero inescrupuloso l\u00edder que se convierte en falso protector del ni\u00f1o.<\/p>\n\n\n\n<p>Es estrujante y exhaustiva.<\/p>\n\n\n\n<p>(NC-17. No apto para menores de 18)<\/p>\n\n\n\n<p>Netflix<\/p>\n\n\n\n<p>Twitter @LucianoCamposG<\/p>\n","protected":false},"excerpt":{"rendered":"<p>(Beasts of\u00a0\u00a0no Nation, 2015) La guerra civil en los pa\u00edses de \u00c1frica es un drama que no termina jam\u00e1s. Cary Fukunga adapta y dirige esta poderosa historia sobre Agu, un &hellip; <a href=\"https:\/\/lavereda.com.mx\/index.php\/2021\/07\/04\/bestias-sin-nacion\/\" class=\"more-link\">Leer m\u00e1s<\/a><\/p>\n","protected":false},"author":3,"featured_media":1782,"comment_status":"open","ping_status":"open","sticky":false,"template":"","format":"standard","meta":{"footnotes":""},"categories":[6],"tags":[],"class_list":["post-1781","post","type-post","status-publish","format-standard","has-post-thumbnail","hentry","category-cinetv","entry"],"_links":{"self":[{"href":"https:\/\/lavereda.com.mx\/index.php\/wp-json\/wp\/v2\/posts\/1781","targetHints":{"allow":["GET"]}}],"collection":[{"href":"https:\/\/lavereda.com.mx\/index.php\/wp-json\/wp\/v2\/posts"}],"about":[{"href":"https:\/\/lavereda.com.mx\/index.php\/wp-json\/wp\/v2\/types\/post"}],"author":[{"embeddable":true,"href":"https:\/\/lavereda.com.mx\/index.php\/wp-json\/wp\/v2\/users\/3"}],"replies":[{"embeddable":true,"href":"https:\/\/lavereda.com.mx\/index.php\/wp-json\/wp\/v2\/comments?post=1781"}],"version-history":[{"count":1,"href":"https:\/\/lavereda.com.mx\/index.php\/wp-json\/wp\/v2\/posts\/1781\/revisions"}],"predecessor-version":[{"id":1783,"href":"https:\/\/lavereda.com.mx\/index.php\/wp-json\/wp\/v2\/posts\/1781\/revisions\/1783"}],"wp:featuredmedia":[{"embeddable":true,"href":"https:\/\/lavereda.com.mx\/index.php\/wp-json\/wp\/v2\/media\/1782"}],"wp:attachment":[{"href":"https:\/\/lavereda.com.mx\/index.php\/wp-json\/wp\/v2\/media?parent=1781"}],"wp:term":[{"taxonomy":"category","embeddable":true,"href":"https:\/\/lavereda.com.mx\/index.php\/wp-json\/wp\/v2\/categories?post=1781"},{"taxonomy":"post_tag","embeddable":true,"href":"https:\/\/lavereda.com.mx\/index.php\/wp-json\/wp\/v2\/tags?post=1781"}],"curies":[{"name":"wp","href":"https:\/\/api.w.org\/{rel}","templated":true}]}}