{"id":178,"date":"2020-08-15T02:53:47","date_gmt":"2020-08-15T02:53:47","guid":{"rendered":"https:\/\/web.lavereda.com.mx\/?p=178"},"modified":"2020-08-15T02:53:47","modified_gmt":"2020-08-15T02:53:47","slug":"no-se-sabe-cuando-se-va-a-normalizar-la-situacion-fotografo-lagunero-en-espana","status":"publish","type":"post","link":"https:\/\/lavereda.com.mx\/index.php\/2020\/08\/15\/no-se-sabe-cuando-se-va-a-normalizar-la-situacion-fotografo-lagunero-en-espana\/","title":{"rendered":"No se sabe cuando se va a normalizar la situaci\u00f3n: fot\u00f3grafo lagunero en Espa\u00f1a"},"content":{"rendered":"\n<p>La cuarentena tiene un matiz diferente para todos. En especial para los extranjeros, los que est\u00e1n empezando a vivir en una ciudad europea, a donde hab\u00edan llegado persiguiendo sue\u00f1os y en busca de nuevos proyectos. El coronavirus los encerr\u00f3 en casas peque\u00f1as, en pa\u00edses donde la alarma es mayor que en M\u00e9xico.<\/p>\n\n\n\n<p>Es el caso del fot\u00f3grafo lagunero Francisco Aguirre, con cerca de 20 a\u00f1os viviendo fuera de M\u00e9xico, quien hace apenas unos meses se instal\u00f3 en Ibiza, Espa\u00f1a con su familia, despu\u00e9s de vivir varios a\u00f1os en Centroam\u00e9rica. El COVID-19 le tom\u00f3 por sorpresa en una isla con unos bellos paisajes, pero que solo pueden disfrutarse desde la soledad de las ventanas.<\/p>\n\n\n\n<hr class=\"wp-block-separator\" id=\"system-readmore\"\/>\n\n\n\n<p>Francisco, quien es fot\u00f3grafo profesional con amplia experiencia en paisaje, nos comparti\u00f3 en entrevista sus vivencias en Espa\u00f1a, durante esta crisis de salud.<\/p>\n\n\n\n<p><strong><em>\u00bfC\u00f3mo vives la cuarentena en Espa\u00f1a, como mexicano y lagunero?<\/em><\/strong><\/p>\n\n\n\n<p>Tenemos apenas unos meses en Ibiza y el cambio fue dif\u00edcil. La cuarentena es complicada para todos pero quiz\u00e1s m\u00e1s para mis hijos, por eso de no poder salir. El apartamento no es muy grande tratamos de organizar la vida cotidiana y aprovechar para convivir en familia. La sala-cocina se convirti\u00f3 en espacio m\u00faltiple, es escuela en las ma\u00f1anas taller de cocina y cine o teatro en las noches.<\/p>\n\n\n\n<p><strong><em>\u00bfQu\u00e9 tan grave es la situaci\u00f3n en Ibiza?<\/em><\/strong><\/p>\n\n\n\n<p>La situaci\u00f3n en Ibiza no es tan alarmante en cuanto a contagios como en la pen\u00ednsula, solamente 110 casos y 10 muertes por el COVID- 19 para 130,000 mil habitantes&nbsp;<\/p>\n\n\n\n<p><strong><em>\u00bfC\u00f3mo afecta a un fot\u00f3grafo no poder trabajar al aire libre?<\/em><\/strong><\/p>\n\n\n\n<p>Hace un tiempo que trabajo para una empresa que se dedica al ramo de la fotograf\u00eda de productos , comida&nbsp;y fotograf\u00eda de bienes y ra\u00edces (fotograf\u00edas de casas y villas de lujo) &nbsp;y todo se hace fuera de casa, aunque en esta \u00e9poca no hay mucha demanda por ser la temporada baja, las pocas misiones programadas para este mes de abril han sido postergadas para un tiempo indefinido. No se sabe cuando se va a normalizar la situaci\u00f3n, esto es lo que causa m\u00e1s angustia.<\/p>\n\n\n\n<p>Lo que estoy haciendo actualmente es organizar mis carpetas de fotograf\u00eda, para una pr\u00f3xima exposici\u00f3n ya tengo dos temas una es sobre el f\u00fatbol y otra es sobre retratos&#8230; Por cierto quiero hacer una serie de retratos de familia, el \u00fanico problema es que no les gusta que les tome fotos a mi familia.<\/p>\n\n\n\n<figure class=\"wp-block-image size-large\"><img fetchpriority=\"high\" decoding=\"async\" width=\"510\" height=\"317\" src=\"https:\/\/web.lavereda.com.mx\/wp-content\/uploads\/2020\/08\/92182155_249397109441847_7260298706698633216_n.jpg\" alt=\"\" class=\"wp-image-179\" srcset=\"https:\/\/lavereda.com.mx\/wp-content\/uploads\/2020\/08\/92182155_249397109441847_7260298706698633216_n.jpg 510w, https:\/\/lavereda.com.mx\/wp-content\/uploads\/2020\/08\/92182155_249397109441847_7260298706698633216_n-300x186.jpg 300w\" sizes=\"(max-width: 510px) 100vw, 510px\" \/><\/figure>\n\n\n\n<blockquote class=\"wp-block-quote is-layout-flow wp-block-quote-is-layout-flow\"><p>Francisco coment\u00f3 que en Ibiza hay una incertidumbre muy grande porque viven del turismo, \u201csi no hay turismo se va a poner muy dif\u00edcil la situaci\u00f3n\u201d. A \u00e9l estaban a punto de contratarlo como fot\u00f3grafo en una agencia de eventos y todo ha quedado suspendido en abril y mayo.<\/p><p>Dijo que salir&nbsp; en esa ciudad es riesgo de una multa : \u00abaqu\u00ed est\u00e1n empezando a denunciar a la gente que anda caminando, que anda por la playa, le hablan a la polic\u00eda. Si te ven en la calle, te empiezan a gritar desde los balcones \u201d.<\/p><p>\u201cLa situaci\u00f3n en Espa\u00f1a a generado una especie de psicosis generalizada, donde todos somos extranjeros o posibles portadores del virus, eso se siente cuando andas de compras en el supermercados todo mundo se evita, pareciera que tienes un escudo protector y rebotaras\u201d.<\/p><\/blockquote>\n\n\n\n<p>El artista visual puntualiz\u00f3:<\/p>\n\n\n\n<blockquote class=\"wp-block-quote is-layout-flow wp-block-quote-is-layout-flow\"><p>\u201cEn estos tiempos hay que ser m\u00e1s solidarios y procurar quedarse en casa para evitar la propagaci\u00f3n del virus, esto no se hizo a tiempo ac\u00e1 en Europa y estamos en un buen momento para parar la curva de progresi\u00f3n del virus, y al salir de compras ir solamente una persona por familia ponerse guantes y cubre bocas\u201d.<\/p><\/blockquote>\n","protected":false},"excerpt":{"rendered":"<p>La cuarentena tiene un matiz diferente para todos. En especial para los extranjeros, los que est\u00e1n empezando a vivir en una ciudad europea, a donde hab\u00edan llegado persiguiendo sue\u00f1os y en busca de nuevos proyectos. El coronavirus los encerr\u00f3 en casas peque\u00f1as, en pa\u00edses donde la alarma es mayor que en M\u00e9xico.<\/p>\n","protected":false},"author":1,"featured_media":166,"comment_status":"open","ping_status":"open","sticky":false,"template":"","format":"standard","meta":{"footnotes":""},"categories":[3],"tags":[],"class_list":["post-178","post","type-post","status-publish","format-standard","has-post-thumbnail","hentry","category-artes-visuales","entry"],"_links":{"self":[{"href":"https:\/\/lavereda.com.mx\/index.php\/wp-json\/wp\/v2\/posts\/178","targetHints":{"allow":["GET"]}}],"collection":[{"href":"https:\/\/lavereda.com.mx\/index.php\/wp-json\/wp\/v2\/posts"}],"about":[{"href":"https:\/\/lavereda.com.mx\/index.php\/wp-json\/wp\/v2\/types\/post"}],"author":[{"embeddable":true,"href":"https:\/\/lavereda.com.mx\/index.php\/wp-json\/wp\/v2\/users\/1"}],"replies":[{"embeddable":true,"href":"https:\/\/lavereda.com.mx\/index.php\/wp-json\/wp\/v2\/comments?post=178"}],"version-history":[{"count":1,"href":"https:\/\/lavereda.com.mx\/index.php\/wp-json\/wp\/v2\/posts\/178\/revisions"}],"predecessor-version":[{"id":180,"href":"https:\/\/lavereda.com.mx\/index.php\/wp-json\/wp\/v2\/posts\/178\/revisions\/180"}],"wp:featuredmedia":[{"embeddable":true,"href":"https:\/\/lavereda.com.mx\/index.php\/wp-json\/wp\/v2\/media\/166"}],"wp:attachment":[{"href":"https:\/\/lavereda.com.mx\/index.php\/wp-json\/wp\/v2\/media?parent=178"}],"wp:term":[{"taxonomy":"category","embeddable":true,"href":"https:\/\/lavereda.com.mx\/index.php\/wp-json\/wp\/v2\/categories?post=178"},{"taxonomy":"post_tag","embeddable":true,"href":"https:\/\/lavereda.com.mx\/index.php\/wp-json\/wp\/v2\/tags?post=178"}],"curies":[{"name":"wp","href":"https:\/\/api.w.org\/{rel}","templated":true}]}}