{"id":1778,"date":"2021-07-02T17:26:39","date_gmt":"2021-07-02T17:26:39","guid":{"rendered":"http:\/\/lavereda.com.mx\/?p=1778"},"modified":"2021-07-02T17:26:43","modified_gmt":"2021-07-02T17:26:43","slug":"katla","status":"publish","type":"post","link":"https:\/\/lavereda.com.mx\/index.php\/2021\/07\/02\/katla\/","title":{"rendered":"Katla"},"content":{"rendered":"\n<p><strong>(Katla, 2021)<\/strong><\/p>\n\n\n\n<p>Desde Islandia, esa isla peque\u00f1a y helada, ubicada en el Atl\u00e1ntico norte, llega esta interesante serie de ocho cap\u00edtulos que, en esta primera temporada, ha llamado la atenci\u00f3n por su propuesta tem\u00e1tica que re\u00fane drama, ciencia ficci\u00f3n, horror, fantas\u00eda y tradici\u00f3n.<\/p>\n\n\n\n<p>En la regi\u00f3n sur del pa\u00eds se encuentra el volc\u00e1n que le da nombre a la serie. Ubicado bajo un glaciar, durante un a\u00f1o ha hecho erupci\u00f3n, lo que ha provocado que todo el pueblo a su alrededor sea evacuado. Solo quedan un grupo de cient\u00edficos que monitorean la actividad volc\u00e1nica y algunos servidores p\u00fablicos, que hacen que se cumpla la ley y que haya seguridad.<\/p>\n\n\n\n<p>Repentinamente, de las faldas del volc\u00e1n empiezan a emerger seres humanos desnudos, cubiertos de ceniza, que son copias exactas de las personas que a\u00fan habitan el pueblo. Incluso los muertos regresan, como emergiendo de un sue\u00f1o.<\/p>\n\n\n\n<p>\u00bfC\u00f3mo pudo ocurrir? \u00bfQu\u00e9 inquietante misterio rodea este fen\u00f3meno sobrenatural? Es dif\u00edcil la comunicaci\u00f3n con el exterior, por lo que los habitantes est\u00e1n pr\u00e1cticamente aislados, en medio de tormentas de ceniza y un clima francamente hostil. Le corresponde a los miembros de la comunidad decidir qu\u00e9 hacer con esta situaci\u00f3n.<\/p>\n\n\n\n<p>El director island\u00e9s Baltasar Korm\u00e1kur produce y dirige esta serie dirigida al p\u00fablico adulto que, si bien tarda algunos episodios en arrancar, ofrece muy buenas recompensas, al revelar el misterio que hay en torno a estas enigm\u00e1ticas figuras replicantes que alteran la vida de estas apacibles personas.<\/p>\n\n\n\n<p>(NC-17. No apto para menores de 18)<\/p>\n\n\n\n<p>Netflix<\/p>\n\n\n\n<p>Twitter @LucianoCamposG<\/p>\n","protected":false},"excerpt":{"rendered":"<p>(Katla, 2021) Desde Islandia, esa isla peque\u00f1a y helada, ubicada en el Atl\u00e1ntico norte, llega esta interesante serie de ocho cap\u00edtulos que, en esta primera temporada, ha llamado la atenci\u00f3n &hellip; <a href=\"https:\/\/lavereda.com.mx\/index.php\/2021\/07\/02\/katla\/\" class=\"more-link\">Leer m\u00e1s<\/a><\/p>\n","protected":false},"author":3,"featured_media":1779,"comment_status":"open","ping_status":"open","sticky":false,"template":"","format":"standard","meta":{"footnotes":""},"categories":[6],"tags":[],"class_list":["post-1778","post","type-post","status-publish","format-standard","has-post-thumbnail","hentry","category-cinetv","entry"],"_links":{"self":[{"href":"https:\/\/lavereda.com.mx\/index.php\/wp-json\/wp\/v2\/posts\/1778","targetHints":{"allow":["GET"]}}],"collection":[{"href":"https:\/\/lavereda.com.mx\/index.php\/wp-json\/wp\/v2\/posts"}],"about":[{"href":"https:\/\/lavereda.com.mx\/index.php\/wp-json\/wp\/v2\/types\/post"}],"author":[{"embeddable":true,"href":"https:\/\/lavereda.com.mx\/index.php\/wp-json\/wp\/v2\/users\/3"}],"replies":[{"embeddable":true,"href":"https:\/\/lavereda.com.mx\/index.php\/wp-json\/wp\/v2\/comments?post=1778"}],"version-history":[{"count":1,"href":"https:\/\/lavereda.com.mx\/index.php\/wp-json\/wp\/v2\/posts\/1778\/revisions"}],"predecessor-version":[{"id":1780,"href":"https:\/\/lavereda.com.mx\/index.php\/wp-json\/wp\/v2\/posts\/1778\/revisions\/1780"}],"wp:featuredmedia":[{"embeddable":true,"href":"https:\/\/lavereda.com.mx\/index.php\/wp-json\/wp\/v2\/media\/1779"}],"wp:attachment":[{"href":"https:\/\/lavereda.com.mx\/index.php\/wp-json\/wp\/v2\/media?parent=1778"}],"wp:term":[{"taxonomy":"category","embeddable":true,"href":"https:\/\/lavereda.com.mx\/index.php\/wp-json\/wp\/v2\/categories?post=1778"},{"taxonomy":"post_tag","embeddable":true,"href":"https:\/\/lavereda.com.mx\/index.php\/wp-json\/wp\/v2\/tags?post=1778"}],"curies":[{"name":"wp","href":"https:\/\/api.w.org\/{rel}","templated":true}]}}