{"id":1766,"date":"2021-06-30T00:45:49","date_gmt":"2021-06-30T00:45:49","guid":{"rendered":"http:\/\/lavereda.com.mx\/?p=1766"},"modified":"2023-05-12T01:22:53","modified_gmt":"2023-05-12T01:22:53","slug":"ruby-gamez-y-la-danza-como-catarsis","status":"publish","type":"post","link":"https:\/\/lavereda.com.mx\/index.php\/2021\/06\/30\/ruby-gamez-y-la-danza-como-catarsis\/","title":{"rendered":"Ruby G\u00e1mez y la danza como catarsis"},"content":{"rendered":"\n<p>Porque el arte y la danza son una catarsis. Por eso el bailar\u00edn y core\u00f3grafo Ruby G\u00e1mez &#8211; Premio Nacional de Danza Jos\u00e9 Lim\u00f3n 2020- se vuelca en ello. \u201cEl cielo sabe lo miserable que soy\u201d es el t\u00edtulo de la obra que estrena este 30 de junio en el Teatro Alfonso Garibay con la compa\u00f1\u00eda Mezquite danza contempor\u00e1nea, a las 20:00 horas.<\/p>\n\n\n\n<p>El programa de estrenos que presenta la agrupaci\u00f3n dirigida por Jaime Hinojosa, es de una est\u00e9tica admirable. Sus bailarines, pese a las dificultades que la pandemia ha provocado en la creaci\u00f3n art\u00edstica, muestran su lado sensible y t\u00e9cnico en cada obra. Las dem\u00e1s coreograf\u00edas son de la maestra Sara Ovalle y Claudia Desimone.<\/p>\n\n\n\n<p>En un ensayo previo, Ruby G\u00e1mez nos concede unos minutos. \u201cAndo en el rollo de la muerte, de la culpa\u201d, asiente el core\u00f3grafo, quien ha transitado por episodios dif\u00edciles en los a\u00f1os recientes. No obstante, ha trabajado en la composici\u00f3n con toda la entrega que siempre lo ha caracterizado.<\/p>\n\n\n\n<p>El t\u00edtulo de la obra, trae a la memoria una canci\u00f3n del grupo The Smiths.<\/p>\n\n\n\n<p><strong>&nbsp;\u00bfEl t\u00edtulo nace por esa canci\u00f3n?<\/strong><\/p>\n\n\n\n<p>\u201cLa canci\u00f3n fue una coincidencia, ah\u00ed estaba el interior de la danza. Fue una danza que transit\u00f3 por muchos lugares, por muchos t\u00edtulos, y que se hizo como en dos a\u00f1os por toda la pandemia, estuvimos mont\u00e1ndola, suspendi\u00e9ndola. Pas\u00f3 por otros t\u00edtulos como&nbsp;<em>Yo baj\u00e9 al infierno y habl\u00e9 con el diablo<\/em>,&nbsp;<em>La vida no es sue\u00f1o,<\/em>&nbsp;<em>Por mi culpa<\/em>, hasta que llegamos a este titulo\u201d, afirm\u00f3 el bailar\u00edn.<\/p>\n\n\n\n<p>Nos comparte sobre el proceso creativo:<\/p>\n\n\n\n<p>\u201cA los chicos (bailarines) les dec\u00eda: sientan, rem\u00f3ntense a un personaje que tiene una culpa muy grande y te sientes miserable de, por ejemplo, no haberle dicho a tu mam\u00e1 que la quer\u00edas mucho, darle un abrazo en el \u00faltimo momento, o que pudiste haberla cuidado.<\/p>\n\n\n\n<p>O una mascota, con la que no estuviste en el \u00faltimo momento.<\/p>\n\n\n\n<p>Siempre hay una culpa por algo, peque\u00f1a, grande y es lo que te hace sentir miserable, todo el tiempo, por lo que pude haber hecho.<\/p>\n\n\n\n<p>Primero fue la m\u00fasica, el movimiento. Tiene ese referente de la culpa y el infierno que uno vive, la tristeza, la ira, el arrepentimiento\u201d.<\/p>\n\n\n\n<p><strong>\u00bfEs como una catarsis de algo en tu vida?<\/strong><\/p>\n\n\n\n<p>\u201cS\u00ed es como una catarsis, porque todos tenemos an\u00e9cdotas.<\/p>\n\n\n\n<p>Una es de alguien conocido: su mam\u00e1 estaba muy enferma, su hermano la cuidaba, al momento que le iba a dar la pastilla: le dice a su hermano mam\u00e1 no se quiere tomar la pastilla, el se le da, pero cuando se la da se empieza a ahogar, se muere. Este personaje se siente culpable\u201d.<\/p>\n\n\n\n<p>A pesar de provenir de un sentimiento de tristeza, las im\u00e1genes que ha revelado Ruby G\u00e1mez del vestuario, son de colores vivos y llamativos.<\/p>\n\n\n\n<figure class=\"wp-block-image size-large is-resized\"><img fetchpriority=\"high\" decoding=\"async\" src=\"https:\/\/lavereda.com.mx\/wp-content\/uploads\/2021\/06\/200093409_892923464595754_8387927836990918226_n-768x1024.jpg\" alt=\"\" class=\"wp-image-1767\" width=\"488\" height=\"650\" srcset=\"https:\/\/lavereda.com.mx\/wp-content\/uploads\/2021\/06\/200093409_892923464595754_8387927836990918226_n-768x1025.jpg 768w, https:\/\/lavereda.com.mx\/wp-content\/uploads\/2021\/06\/200093409_892923464595754_8387927836990918226_n-225x300.jpg 225w, https:\/\/lavereda.com.mx\/wp-content\/uploads\/2021\/06\/200093409_892923464595754_8387927836990918226_n.jpg 1000w\" sizes=\"(max-width: 488px) 100vw, 488px\" \/><\/figure>\n\n\n\n<p><strong>\u00bfNos puedes hablar acerca del vestuario y el concepto?<\/strong><\/p>\n\n\n\n<blockquote class=\"wp-block-quote is-layout-flow wp-block-quote-is-layout-flow\"><p>\u201cEs un vestuario muy diferente, es una renovaci\u00f3n, atreverse a cambiar, ir por otros caminos. El vestuario es como una serpiente que est\u00e1 mudando de piel y se est\u00e1 descubriendo, va por capas y capas, visualmente es como chocante, por las telas y por los colores. Pero no siempre la danza va a ser bonita agradable, tiene que haber algo que rompa\u201d.<\/p><\/blockquote>\n\n\n\n<p>El core\u00f3grafo revel\u00f3 que la m\u00fasica de la obra no es de The Smiths, es m\u00fasica an\u00f3nima del siglo XIV, \u201cque habla de conexiones entre el cielo y la tierra\u201d.<\/p>\n\n\n\n<p><strong>PROGRAMA DE ESTRENOS<\/strong><\/p>\n\n\n\n<p>Este mi\u00e9rcoles en el Teatro Garibay a las 20:00 horas y el jueves en el Teatro Alvarado a las 19:00 horas, el p\u00fablico podr\u00e1 apreciar este trabajo; as\u00ed como los estrenos de&nbsp;<strong><em>\u201cSextante\u201d y \u201cRetorno\u201d<\/em><\/strong>&nbsp;de Sara Ovalle<strong><em>&nbsp;y \u201cLejos del&nbsp;&nbsp;parque\u201d<\/em><\/strong>&nbsp;de Claudia Desimone que bailan alumnos de la 3\u00aa. Generaci\u00f3n de egresados de la Escuela Municipal de Danza Contempor\u00e1nea de Torre\u00f3n.<\/p>\n\n\n\n<figure class=\"wp-block-image size-large is-resized\"><img decoding=\"async\" src=\"https:\/\/lavereda.com.mx\/wp-content\/uploads\/2021\/06\/203974729_4093502997407316_2401240326188718371_n.jpg\" alt=\"\" class=\"wp-image-1768\" width=\"601\" height=\"451\" srcset=\"https:\/\/lavereda.com.mx\/wp-content\/uploads\/2021\/06\/203974729_4093502997407316_2401240326188718371_n.jpg 1000w, https:\/\/lavereda.com.mx\/wp-content\/uploads\/2021\/06\/203974729_4093502997407316_2401240326188718371_n-300x225.jpg 300w, https:\/\/lavereda.com.mx\/wp-content\/uploads\/2021\/06\/203974729_4093502997407316_2401240326188718371_n-768x576.jpg 768w\" sizes=\"(max-width: 601px) 100vw, 601px\" \/><\/figure>\n","protected":false},"excerpt":{"rendered":"<p>Porque el arte y la danza son una catarsis. Por eso el bailar\u00edn y core\u00f3grafo Ruby G\u00e1mez &#8211; Premio Nacional de Danza Jos\u00e9 Lim\u00f3n 2020- se vuelca en ello. \u201cEl &hellip; <a href=\"https:\/\/lavereda.com.mx\/index.php\/2021\/06\/30\/ruby-gamez-y-la-danza-como-catarsis\/\" class=\"more-link\">Leer m\u00e1s<\/a><\/p>\n","protected":false},"author":9,"featured_media":1769,"comment_status":"open","ping_status":"open","sticky":false,"template":"","format":"standard","meta":{"footnotes":""},"categories":[2],"tags":[],"class_list":["post-1766","post","type-post","status-publish","format-standard","has-post-thumbnail","hentry","category-artes-escenicas","entry"],"_links":{"self":[{"href":"https:\/\/lavereda.com.mx\/index.php\/wp-json\/wp\/v2\/posts\/1766","targetHints":{"allow":["GET"]}}],"collection":[{"href":"https:\/\/lavereda.com.mx\/index.php\/wp-json\/wp\/v2\/posts"}],"about":[{"href":"https:\/\/lavereda.com.mx\/index.php\/wp-json\/wp\/v2\/types\/post"}],"author":[{"embeddable":true,"href":"https:\/\/lavereda.com.mx\/index.php\/wp-json\/wp\/v2\/users\/9"}],"replies":[{"embeddable":true,"href":"https:\/\/lavereda.com.mx\/index.php\/wp-json\/wp\/v2\/comments?post=1766"}],"version-history":[{"count":4,"href":"https:\/\/lavereda.com.mx\/index.php\/wp-json\/wp\/v2\/posts\/1766\/revisions"}],"predecessor-version":[{"id":5110,"href":"https:\/\/lavereda.com.mx\/index.php\/wp-json\/wp\/v2\/posts\/1766\/revisions\/5110"}],"wp:featuredmedia":[{"embeddable":true,"href":"https:\/\/lavereda.com.mx\/index.php\/wp-json\/wp\/v2\/media\/1769"}],"wp:attachment":[{"href":"https:\/\/lavereda.com.mx\/index.php\/wp-json\/wp\/v2\/media?parent=1766"}],"wp:term":[{"taxonomy":"category","embeddable":true,"href":"https:\/\/lavereda.com.mx\/index.php\/wp-json\/wp\/v2\/categories?post=1766"},{"taxonomy":"post_tag","embeddable":true,"href":"https:\/\/lavereda.com.mx\/index.php\/wp-json\/wp\/v2\/tags?post=1766"}],"curies":[{"name":"wp","href":"https:\/\/api.w.org\/{rel}","templated":true}]}}