{"id":1763,"date":"2021-06-28T22:27:40","date_gmt":"2021-06-28T22:27:40","guid":{"rendered":"http:\/\/lavereda.com.mx\/?p=1763"},"modified":"2021-06-28T22:27:42","modified_gmt":"2021-06-28T22:27:42","slug":"presentan-el-recital-saxofon-el-mundo-con-musicos-invitados","status":"publish","type":"post","link":"https:\/\/lavereda.com.mx\/index.php\/2021\/06\/28\/presentan-el-recital-saxofon-el-mundo-con-musicos-invitados\/","title":{"rendered":"Presentan el recital \u201cSaxof\u00f3n &#038; el mundo\u201d con m\u00fasicos invitados"},"content":{"rendered":"\n<ul class=\"wp-block-list\"><li><em>Participan los m\u00fasicos: Antonio Ramos, Ra\u00fal J\u00e1quez, Oth\u00f3n Guerra y Bernardo Fierros<\/em><\/li><\/ul>\n\n\n\n<p>M\u00fasica regional mexicana, boleros, tango, bossanova, swing y pop es lo que Juan Barrios ofrecer\u00e1 en su recital de \u201cSaxof\u00f3n &amp;&nbsp;&nbsp;el mundo\u201d. Lo acompa\u00f1ar\u00e1n en el piano Antonio Ramos, Ra\u00fal J\u00e1quez&nbsp;&nbsp;en el acorde\u00f3n, Oth\u00f3n&nbsp;&nbsp;Guerra en las percusiones y el tenor Bernardo Fierros en la voz,&nbsp;&nbsp;este mi\u00e9rcoles 30 de junio a las 19:00 horas en el Teatro Isauro Mart\u00ednez, con entrada libre y cupo limitado.&nbsp;<\/p>\n\n\n\n<p>La presentaci\u00f3n tambi\u00e9n ser\u00e1 trasmitido tambi\u00e9n por Facebook Live.<\/p>\n\n\n\n<p>Juan Barrios Ch\u00e1vez ha formado parte de una rica tradici\u00f3n musical como lo es la Familia Barrios, recibi\u00f3 sus primeras lecciones de m\u00fasica del Mtro. Albino Barrios, quien lo inici\u00f3 en el estudio del saxof\u00f3n alto y del clarinete.&nbsp;&nbsp;Posteriormente con el destacado saxofonista Jos\u00e9 \u00c1ngel Mac\u00edas estudi\u00f3 Solfeo y Teor\u00eda de la M\u00fasica, y con el Mtro. Rolando Got\u00e9s, pilar del movimiento jazz\u00edstico de la regi\u00f3n, recibi\u00f3 clases de armon\u00eda e improvisaci\u00f3n.&nbsp;<\/p>\n\n\n\n<p>En el aspecto sinf\u00f3nico recibi\u00f3 instrucci\u00f3n del Mtro. Joel de Santiago y de Direcci\u00f3n de Orquesta con la&nbsp;&nbsp;Maestra Natalia Riazanova durante la capacitaci\u00f3n a la Banda Municipal en 2010,&nbsp;&nbsp;en Torre\u00f3n.<\/p>\n\n\n\n<p>Actualmente se desempe\u00f1a como maestro de m\u00fasica con especialidad en Alientos&nbsp;&nbsp;en el Colegio Americano de Torre\u00f3n, es Director Acad\u00e9mico del Instituto de M\u00fasica \u201cSanta Cecilia\u201d y de los ensambles pertenecientes a dicho Instituto, as\u00ed como Director Art\u00edstico de la Banda Municipal de Torre\u00f3n, desde el a\u00f1o 2010.&nbsp;<\/p>\n\n\n\n<p>Tambi\u00e9n cuenta con la Licenciatura en Educaci\u00f3n Preescolar por parte de la SEP y&nbsp;&nbsp;Maestr\u00eda en Pedagog\u00eda Aplicada (Master of Science) por parte de la Universidad de&nbsp;&nbsp;New York en Buffalo (SUNY). Se dedica a dar clases de instrumento y teor\u00eda de la m\u00fasica en diferentes instituciones de la regi\u00f3n y con alumnos particulares.&nbsp;<\/p>\n\n\n\n<p>Ha participado con diferentes grupos y orquestas tales como: Mequetrefes, Jazz&nbsp;&nbsp;Tiempo, Santa Cecilia Big Band, Francisco Cedillo Big Band, Carla Coto, 3 Laguna&nbsp;&nbsp;Jazz, etc. Actualmente es saxofonista y asesor musical de la Big Band Jazz&nbsp;&nbsp;Coahuila.&nbsp;<\/p>\n","protected":false},"excerpt":{"rendered":"<p>Participan los m\u00fasicos: Antonio Ramos, Ra\u00fal J\u00e1quez, Oth\u00f3n Guerra y Bernardo Fierros M\u00fasica regional mexicana, boleros, tango, bossanova, swing y pop es lo que Juan Barrios ofrecer\u00e1 en su recital &hellip; <a href=\"https:\/\/lavereda.com.mx\/index.php\/2021\/06\/28\/presentan-el-recital-saxofon-el-mundo-con-musicos-invitados\/\" class=\"more-link\">Leer m\u00e1s<\/a><\/p>\n","protected":false},"author":1,"featured_media":1764,"comment_status":"open","ping_status":"open","sticky":false,"template":"","format":"standard","meta":{"footnotes":""},"categories":[4],"tags":[],"class_list":["post-1763","post","type-post","status-publish","format-standard","has-post-thumbnail","hentry","category-musica","entry"],"_links":{"self":[{"href":"https:\/\/lavereda.com.mx\/index.php\/wp-json\/wp\/v2\/posts\/1763","targetHints":{"allow":["GET"]}}],"collection":[{"href":"https:\/\/lavereda.com.mx\/index.php\/wp-json\/wp\/v2\/posts"}],"about":[{"href":"https:\/\/lavereda.com.mx\/index.php\/wp-json\/wp\/v2\/types\/post"}],"author":[{"embeddable":true,"href":"https:\/\/lavereda.com.mx\/index.php\/wp-json\/wp\/v2\/users\/1"}],"replies":[{"embeddable":true,"href":"https:\/\/lavereda.com.mx\/index.php\/wp-json\/wp\/v2\/comments?post=1763"}],"version-history":[{"count":1,"href":"https:\/\/lavereda.com.mx\/index.php\/wp-json\/wp\/v2\/posts\/1763\/revisions"}],"predecessor-version":[{"id":1765,"href":"https:\/\/lavereda.com.mx\/index.php\/wp-json\/wp\/v2\/posts\/1763\/revisions\/1765"}],"wp:featuredmedia":[{"embeddable":true,"href":"https:\/\/lavereda.com.mx\/index.php\/wp-json\/wp\/v2\/media\/1764"}],"wp:attachment":[{"href":"https:\/\/lavereda.com.mx\/index.php\/wp-json\/wp\/v2\/media?parent=1763"}],"wp:term":[{"taxonomy":"category","embeddable":true,"href":"https:\/\/lavereda.com.mx\/index.php\/wp-json\/wp\/v2\/categories?post=1763"},{"taxonomy":"post_tag","embeddable":true,"href":"https:\/\/lavereda.com.mx\/index.php\/wp-json\/wp\/v2\/tags?post=1763"}],"curies":[{"name":"wp","href":"https:\/\/api.w.org\/{rel}","templated":true}]}}