{"id":1760,"date":"2021-06-27T02:39:40","date_gmt":"2021-06-27T02:39:40","guid":{"rendered":"http:\/\/lavereda.com.mx\/?p=1760"},"modified":"2021-06-27T02:39:41","modified_gmt":"2021-06-27T02:39:41","slug":"antonio-helguera-legado-de-humor-y-critica-politica","status":"publish","type":"post","link":"https:\/\/lavereda.com.mx\/index.php\/2021\/06\/27\/antonio-helguera-legado-de-humor-y-critica-politica\/","title":{"rendered":"Antonio Helguera: legado de humor y cr\u00edtica pol\u00edtica"},"content":{"rendered":"\n<p>Artistas, escritores, periodistas de todo el pa\u00eds manifestaron su asombro y tristeza por la muerte del monero Antonio Helguera, el d\u00eda de ayer. Asimismo la Secretar\u00eda de Cultura y el Instituto Nacional de Bellas Artes y Literatura (INBAL) lamentaron el deceso del caricaturista, quien obtuvo el Premio Nacional de Periodismo en 1996 y 2002 y es un referente por su contribuci\u00f3n a la cr\u00edtica a la vida social y pol\u00edtica del pa\u00eds.<\/p>\n\n\n\n<p>Egresado de la Escuela Nacional de Pintura, Escultura y Grabado&nbsp;<em>La Esmeralda&nbsp;<\/em>del INBAL, Antonio Helguera (1965) labor\u00f3 en diferentes diarios de circulaci\u00f3n nacional desde 1983 (<em>El D\u00eda, La Jornada&nbsp;<\/em>y en las revistas<em>&nbsp;Siempre!&nbsp;<\/em>y<em>&nbsp;Proceso<\/em>) y fue codirector de las publicaciones especializadas&nbsp;<em>El Chahuistle<\/em>&nbsp;y&nbsp;<em>El Chamuco<\/em>.<\/p>\n\n\n\n<blockquote class=\"wp-block-quote is-layout-flow wp-block-quote-is-layout-flow\"><p>Tras solidarizarse con la esposa de Antonio Helguera, Alma Mu\u00f1oz, y con su familia, as\u00ed como con sus amigos y compa\u00f1eros, la secretaria de Cultura, Alejandra Frausto Guerrero, destac\u00f3 que el artista nos deja como legado \u201csu agudeza, humor y refinada inteligencia\u201d.<\/p><\/blockquote>\n\n\n\n<p>Adem\u00e1s, inform\u00f3 que, se anunciar\u00e1 un homenaje nacional al artista en el Complejo Cultural Los Pinos, una vez que se acuerde con su familia.<\/p>\n\n\n\n<p>Por su parte, la directora general del INBAL, Lucina Jim\u00e9nez L\u00f3pez, expres\u00f3 su sentir por el deceso de Helguera al destacar que \u201cel mundo de la caricatura pol\u00edtica, esa que sabe expresar con incisivo sentido cr\u00edtico y de justicia lo que las palabras no pueden, est\u00e1 de luto\u201d.<\/p>\n\n\n\n<p>Integrante de una familia de dibujantes, Antonio Helguera conduc\u00eda el programa&nbsp;<em>El Chamuco TV<\/em>, a trav\u00e9s del Canal 22, Canal Once y TV UNAM\u200b, adem\u00e1s de coeditar varios libros con algunos de sus colegas:&nbsp;<em>El sexenio me da risa<\/em>&nbsp;(1994) y&nbsp;<em>El sexenio ya no me da risa<\/em>&nbsp;(1994), junto con El Fisg\u00f3n; en 1995, al lado de otros colegas public\u00f3&nbsp;<em>El tataranieto del Ahuizote<\/em>, as\u00ed como&nbsp;<em>El sexenio me da pena<\/em>\u201d (2000) y&nbsp;<em>El sexenio se me hace chiquito<\/em>, (2003), al lado de&nbsp;<em>El Fisg\u00f3n<\/em>&nbsp;y Hern\u00e1ndez<em>.<\/em><\/p>\n\n\n\n<p>En 2017 gan\u00f3 el premio&nbsp;<em>La Catrina<\/em>, galard\u00f3n que entregan durante la Feria Internacional del Libro de Guadalajara a caricaturistas y moneros.<\/p>\n\n\n\n<p>Antonio Helguera ser\u00e1 recordado como un artista que, desde su quehacer, acompa\u00f1\u00f3 las causas justas y movimientos sociales de M\u00e9xico; quedar\u00e1 en la memoria su agudeza, humor y refinada inteligencia.&nbsp;<\/p>\n","protected":false},"excerpt":{"rendered":"<p>Artistas, escritores, periodistas de todo el pa\u00eds manifestaron su asombro y tristeza por la muerte del monero Antonio Helguera, el d\u00eda de ayer. Asimismo la Secretar\u00eda de Cultura y el &hellip; <a href=\"https:\/\/lavereda.com.mx\/index.php\/2021\/06\/27\/antonio-helguera-legado-de-humor-y-critica-politica\/\" class=\"more-link\">Leer m\u00e1s<\/a><\/p>\n","protected":false},"author":1,"featured_media":1761,"comment_status":"open","ping_status":"open","sticky":false,"template":"","format":"standard","meta":{"footnotes":""},"categories":[3],"tags":[],"class_list":["post-1760","post","type-post","status-publish","format-standard","has-post-thumbnail","hentry","category-artes-visuales","entry"],"_links":{"self":[{"href":"https:\/\/lavereda.com.mx\/index.php\/wp-json\/wp\/v2\/posts\/1760","targetHints":{"allow":["GET"]}}],"collection":[{"href":"https:\/\/lavereda.com.mx\/index.php\/wp-json\/wp\/v2\/posts"}],"about":[{"href":"https:\/\/lavereda.com.mx\/index.php\/wp-json\/wp\/v2\/types\/post"}],"author":[{"embeddable":true,"href":"https:\/\/lavereda.com.mx\/index.php\/wp-json\/wp\/v2\/users\/1"}],"replies":[{"embeddable":true,"href":"https:\/\/lavereda.com.mx\/index.php\/wp-json\/wp\/v2\/comments?post=1760"}],"version-history":[{"count":1,"href":"https:\/\/lavereda.com.mx\/index.php\/wp-json\/wp\/v2\/posts\/1760\/revisions"}],"predecessor-version":[{"id":1762,"href":"https:\/\/lavereda.com.mx\/index.php\/wp-json\/wp\/v2\/posts\/1760\/revisions\/1762"}],"wp:featuredmedia":[{"embeddable":true,"href":"https:\/\/lavereda.com.mx\/index.php\/wp-json\/wp\/v2\/media\/1761"}],"wp:attachment":[{"href":"https:\/\/lavereda.com.mx\/index.php\/wp-json\/wp\/v2\/media?parent=1760"}],"wp:term":[{"taxonomy":"category","embeddable":true,"href":"https:\/\/lavereda.com.mx\/index.php\/wp-json\/wp\/v2\/categories?post=1760"},{"taxonomy":"post_tag","embeddable":true,"href":"https:\/\/lavereda.com.mx\/index.php\/wp-json\/wp\/v2\/tags?post=1760"}],"curies":[{"name":"wp","href":"https:\/\/api.w.org\/{rel}","templated":true}]}}