{"id":176,"date":"2020-08-15T02:50:58","date_gmt":"2020-08-15T02:50:58","guid":{"rendered":"https:\/\/web.lavereda.com.mx\/?p=176"},"modified":"2020-08-15T02:50:58","modified_gmt":"2020-08-15T02:50:58","slug":"museos-siguen-vigentes-a-pesar-de-la-distancia","status":"publish","type":"post","link":"https:\/\/lavereda.com.mx\/index.php\/2020\/08\/15\/museos-siguen-vigentes-a-pesar-de-la-distancia\/","title":{"rendered":"Museos siguen vigentes, a pesar de la distancia"},"content":{"rendered":"\n<p>Este 18 de mayo se celebra el D\u00eda Internacional de los Museos con el tema \u201cMuseos por la igualdad: diversidad e inclusi\u00f3n\u201d. Aunque estos recintos permanecen sin acceso al p\u00fablico, por la presencia del Covid 19; varios de ellos en nuestra regi\u00f3n cuentan con recorridos virtuales y otras actividades en l\u00ednea.<\/p>\n\n\n\n<hr class=\"wp-block-separator\" id=\"system-readmore\"\/>\n\n\n\n<p>Por ejemplo, el Museo Arocena se encuentra junto a los mejores museos del mundo dentro de la plataforma de Google Arts y cuenta con una p\u00e1gina web que ofrece informaci\u00f3n sobre sus distintas colecciones.<\/p>\n\n\n\n<p>En Coahuila existen alrededor de 68 museos entre p\u00fablicos y de colecciones privadas; mientras que en Torre\u00f3n son 11 recintos. Los museos municipales, como La Casa del Cerro o el Museo del Ferrocarril, han contado con recorridos guiados por Facebook live durante la cuarentena.<\/p>\n\n\n\n<blockquote class=\"wp-block-quote is-layout-flow wp-block-quote-is-layout-flow\"><p>De acuerdo con la UNESCO; el D\u00eda Internacional de los Museos 2020 tiene como objetivo convertirse en un punto de encuentro para celebrar la diversidad de perspectivas que conforman las comunidades y el personal de los museos, as\u00ed como promover herramientas para identificar y superar los prejuicios en lo que los museos muestran y en las historias que cuentan.<\/p><\/blockquote>\n\n\n\n<p>El comunicado de la UNESCo explica: \u201cEl potencial de los museos para crear experiencias significativas para personas de todos los or\u00edgenes es una parte fundamental de su valor social. Como agentes de cambio e instituciones confiables, no hay tiempo como el presente para que los museos demuestren su relevancia al participar constructivamente en las realidades pol\u00edticas, sociales y culturales de la sociedad moderna\u201d.<\/p>\n\n\n\n<p>El d\u00eda de hoy museos de todo el pa\u00eds realizan din\u00e1micas para pedir a la poblaci\u00f3n que participe inspir\u00e1ndose en distintas obras de arte, creando memes, dibujos, dise\u00f1os o textos, sobre los acervos que resguardan los recintos.&nbsp;<\/p>\n","protected":false},"excerpt":{"rendered":"<p>Este 18 de mayo se celebra el D\u00eda Internacional de los Museos con el tema \u201cMuseos por la igualdad: diversidad e inclusi\u00f3n\u201d. Aunque estos recintos permanecen sin acceso al p\u00fablico, por la presencia del Covid 19; varios de ellos en nuestra regi\u00f3n cuentan con recorridos virtuales y otras actividades en l\u00ednea.<\/p>\n","protected":false},"author":1,"featured_media":168,"comment_status":"open","ping_status":"open","sticky":false,"template":"","format":"standard","meta":{"footnotes":""},"categories":[3],"tags":[],"class_list":["post-176","post","type-post","status-publish","format-standard","has-post-thumbnail","hentry","category-artes-visuales","entry"],"_links":{"self":[{"href":"https:\/\/lavereda.com.mx\/index.php\/wp-json\/wp\/v2\/posts\/176","targetHints":{"allow":["GET"]}}],"collection":[{"href":"https:\/\/lavereda.com.mx\/index.php\/wp-json\/wp\/v2\/posts"}],"about":[{"href":"https:\/\/lavereda.com.mx\/index.php\/wp-json\/wp\/v2\/types\/post"}],"author":[{"embeddable":true,"href":"https:\/\/lavereda.com.mx\/index.php\/wp-json\/wp\/v2\/users\/1"}],"replies":[{"embeddable":true,"href":"https:\/\/lavereda.com.mx\/index.php\/wp-json\/wp\/v2\/comments?post=176"}],"version-history":[{"count":1,"href":"https:\/\/lavereda.com.mx\/index.php\/wp-json\/wp\/v2\/posts\/176\/revisions"}],"predecessor-version":[{"id":177,"href":"https:\/\/lavereda.com.mx\/index.php\/wp-json\/wp\/v2\/posts\/176\/revisions\/177"}],"wp:featuredmedia":[{"embeddable":true,"href":"https:\/\/lavereda.com.mx\/index.php\/wp-json\/wp\/v2\/media\/168"}],"wp:attachment":[{"href":"https:\/\/lavereda.com.mx\/index.php\/wp-json\/wp\/v2\/media?parent=176"}],"wp:term":[{"taxonomy":"category","embeddable":true,"href":"https:\/\/lavereda.com.mx\/index.php\/wp-json\/wp\/v2\/categories?post=176"},{"taxonomy":"post_tag","embeddable":true,"href":"https:\/\/lavereda.com.mx\/index.php\/wp-json\/wp\/v2\/tags?post=176"}],"curies":[{"name":"wp","href":"https:\/\/api.w.org\/{rel}","templated":true}]}}