{"id":1754,"date":"2021-06-25T15:10:20","date_gmt":"2021-06-25T15:10:20","guid":{"rendered":"http:\/\/lavereda.com.mx\/?p=1754"},"modified":"2021-06-25T15:10:23","modified_gmt":"2021-06-25T15:10:23","slug":"anuncian-ganadores-del-premio-nacional-de-cuento-breve-julio-torri","status":"publish","type":"post","link":"https:\/\/lavereda.com.mx\/index.php\/2021\/06\/25\/anuncian-ganadores-del-premio-nacional-de-cuento-breve-julio-torri\/","title":{"rendered":"Anuncian ganadores del Premio Nacional de Cuento Breve Julio Torri"},"content":{"rendered":"\n<p>Saltillo.- La Secretar\u00eda de Cultura de Coahuila dio a conocer a los ganadores del Premio Nacional de Cuento Breve y Literatura Digital Julio Torri 2020, mismo que se realiz\u00f3 en coordinaci\u00f3n con el Centro de Cultura Digital.<\/p>\n\n\n\n<p>En ese contexto, la Secretaria de Cultura, Ana Sof\u00eda Garc\u00eda Camil, reconoci\u00f3 la gran participaci\u00f3n que existi\u00f3 en esta convocatoria y que cont\u00f3 con dos categor\u00edas: la de Obra In\u00e9dita y Literatura Digital.<\/p>\n\n\n\n<blockquote class=\"wp-block-quote is-layout-flow wp-block-quote-is-layout-flow\"><p>\u201cEn primera instancia queremos felicitar a todas aquellas personas que participaron con gran talento en ambas categor\u00edas\u201d, dijo, \u201cY bueno, a los dos ganadores que el Jurado Calificador eligi\u00f3, esperamos llevar a cabo la ceremonia de premiaci\u00f3n en el marco de la pr\u00f3xima Feria Internacional del Libro de Coahuila\u201d.<\/p><\/blockquote>\n\n\n\n<p>En cuanto a la Obra In\u00e9dita, que recibi\u00f3 21 trabajos, el jurado decidi\u00f3 otorgar por unanimidad el premio al t\u00edtulo \u201cEl jard\u00edn de los prodigios\u201d, con n\u00famero de folio 07, y que particip\u00f3 bajo el pseud\u00f3nimo \u201cJ\u00f3sef Walczac\u201d, perteneciente al escritor originario de Saltillo, Alan Isa\u00ed Arg\u00fbello Palomares.<\/p>\n\n\n\n<p>Mientras que la categor\u00eda Literatura Digital, recibi\u00f3 51 trabajos, siendo elegido como el ganador t\u00edtulo \u201cEl grito que no puedo escuchar\u201d, con n\u00famero de folio 13, del coahuilense Marco Antonio Arellano Arredondo.<\/p>\n\n\n\n<p>El fundamento de la decisi\u00f3n final fue el siguiente: \u201cEl grito que no puedo escuchar\u201d (2021), de Marco Antonio Arellano Arredondo, considera y ejecuta de manera coherente una serie de aspectos formales, argumentales y conceptuales relevantes para las pr\u00e1cticas literarias digitales: dise\u00f1o, interfaz, programaci\u00f3n, concepto, calidad literaria e interactividad.<\/p>\n\n\n\n<p>Finalmente, la funcionaria estatal destac\u00f3 que se seguir\u00e1 apoyando el mundo de la literatura para que talentos incipientes, in\u00e9ditos, as\u00ed como los m\u00e1s vanguardistas en el tema digital, tengan el apoyo e impulso que lleve esta disciplina art\u00edstica m\u00e1s lejos.<\/p>\n","protected":false},"excerpt":{"rendered":"<p>Saltillo.- La Secretar\u00eda de Cultura de Coahuila dio a conocer a los ganadores del Premio Nacional de Cuento Breve y Literatura Digital Julio Torri 2020, mismo que se realiz\u00f3 en &hellip; <a href=\"https:\/\/lavereda.com.mx\/index.php\/2021\/06\/25\/anuncian-ganadores-del-premio-nacional-de-cuento-breve-julio-torri\/\" class=\"more-link\">Leer m\u00e1s<\/a><\/p>\n","protected":false},"author":1,"featured_media":1755,"comment_status":"open","ping_status":"open","sticky":false,"template":"","format":"standard","meta":{"footnotes":""},"categories":[5],"tags":[],"class_list":["post-1754","post","type-post","status-publish","format-standard","has-post-thumbnail","hentry","category-letras-y-libros","entry"],"_links":{"self":[{"href":"https:\/\/lavereda.com.mx\/index.php\/wp-json\/wp\/v2\/posts\/1754","targetHints":{"allow":["GET"]}}],"collection":[{"href":"https:\/\/lavereda.com.mx\/index.php\/wp-json\/wp\/v2\/posts"}],"about":[{"href":"https:\/\/lavereda.com.mx\/index.php\/wp-json\/wp\/v2\/types\/post"}],"author":[{"embeddable":true,"href":"https:\/\/lavereda.com.mx\/index.php\/wp-json\/wp\/v2\/users\/1"}],"replies":[{"embeddable":true,"href":"https:\/\/lavereda.com.mx\/index.php\/wp-json\/wp\/v2\/comments?post=1754"}],"version-history":[{"count":1,"href":"https:\/\/lavereda.com.mx\/index.php\/wp-json\/wp\/v2\/posts\/1754\/revisions"}],"predecessor-version":[{"id":1756,"href":"https:\/\/lavereda.com.mx\/index.php\/wp-json\/wp\/v2\/posts\/1754\/revisions\/1756"}],"wp:featuredmedia":[{"embeddable":true,"href":"https:\/\/lavereda.com.mx\/index.php\/wp-json\/wp\/v2\/media\/1755"}],"wp:attachment":[{"href":"https:\/\/lavereda.com.mx\/index.php\/wp-json\/wp\/v2\/media?parent=1754"}],"wp:term":[{"taxonomy":"category","embeddable":true,"href":"https:\/\/lavereda.com.mx\/index.php\/wp-json\/wp\/v2\/categories?post=1754"},{"taxonomy":"post_tag","embeddable":true,"href":"https:\/\/lavereda.com.mx\/index.php\/wp-json\/wp\/v2\/tags?post=1754"}],"curies":[{"name":"wp","href":"https:\/\/api.w.org\/{rel}","templated":true}]}}