{"id":174,"date":"2020-08-15T02:49:30","date_gmt":"2020-08-15T02:49:30","guid":{"rendered":"https:\/\/web.lavereda.com.mx\/?p=174"},"modified":"2020-08-15T02:49:30","modified_gmt":"2020-08-15T02:49:30","slug":"abren-inscripciones-en-el-centro-de-las-artes-de-la-ua-de-c","status":"publish","type":"post","link":"https:\/\/lavereda.com.mx\/index.php\/2020\/08\/15\/abren-inscripciones-en-el-centro-de-las-artes-de-la-ua-de-c\/","title":{"rendered":"Abren inscripciones en el Centro de las Artes de la UA de C"},"content":{"rendered":"\n<p>La Coordinaci\u00f3n Unidad Torre\u00f3n de la Universidad Aut\u00f3noma de Coahuila, invita a inscribirse a su Centro de las Artes, donde se imparten diplomados y cursos que contribuyen en una mejor formaci\u00f3n acad\u00e9mica en las expresiones visuales.<\/p>\n\n\n\n<hr class=\"wp-block-separator\" id=\"system-readmore\"\/>\n\n\n\n<p>Los diplomados que iniciar\u00e1n el pr\u00f3ximo 17 de agosto son: Artes visuales, Arte digital, Pr\u00e1cticas art\u00edsticas. Fotograf\u00eda y Arteterapia.<\/p>\n\n\n\n<p>Cada uno contempla la actualizaci\u00f3n necesaria en su plan de estudio, lo que permitir\u00e1 que las y los alumnos alcance una mayor y mejor sensibilidad en lo que deseen elaborar como objeto art\u00edstico, inform\u00f3 el Departamento de Difusi\u00f3n Cultural de la Coordinaci\u00f3n Unidad Torre\u00f3n, dependencia a la cual est\u00e1 adscrito esta propuesta de diplomados.<\/p>\n\n\n\n<p>Para mayores informes, quienes se interesen pueden escribir al correo:&nbsp;<a href=\"mailto:centrodelasartesuadecut@gmail.com\">centrodelasartesuadecut@gmail.com<\/a>&nbsp;y\/o hablar al tel\u00e9fono: 8714-7538-37, en horario de 10:00 a 13:00 horas de lunes a viernes.<\/p>\n\n\n\n<p>La idea es poner en pr\u00e1ctica, en esta nueva etapa del Centro de las Artes UAdeC, la de implementaci\u00f3n de programas educativos que permitan a cada docente, alumno y p\u00fablico en general, desarrollarse como persona integral.&nbsp;<\/p>\n","protected":false},"excerpt":{"rendered":"<p>La Coordinaci\u00f3n Unidad Torre\u00f3n de la Universidad Aut\u00f3noma de Coahuila, invita a inscribirse a su Centro de las Artes, donde se imparten diplomados y cursos que contribuyen en una mejor formaci\u00f3n acad\u00e9mica en las expresiones visuales.<\/p>\n","protected":false},"author":1,"featured_media":172,"comment_status":"open","ping_status":"open","sticky":false,"template":"","format":"standard","meta":{"footnotes":""},"categories":[3],"tags":[],"class_list":["post-174","post","type-post","status-publish","format-standard","has-post-thumbnail","hentry","category-artes-visuales","entry"],"_links":{"self":[{"href":"https:\/\/lavereda.com.mx\/index.php\/wp-json\/wp\/v2\/posts\/174","targetHints":{"allow":["GET"]}}],"collection":[{"href":"https:\/\/lavereda.com.mx\/index.php\/wp-json\/wp\/v2\/posts"}],"about":[{"href":"https:\/\/lavereda.com.mx\/index.php\/wp-json\/wp\/v2\/types\/post"}],"author":[{"embeddable":true,"href":"https:\/\/lavereda.com.mx\/index.php\/wp-json\/wp\/v2\/users\/1"}],"replies":[{"embeddable":true,"href":"https:\/\/lavereda.com.mx\/index.php\/wp-json\/wp\/v2\/comments?post=174"}],"version-history":[{"count":1,"href":"https:\/\/lavereda.com.mx\/index.php\/wp-json\/wp\/v2\/posts\/174\/revisions"}],"predecessor-version":[{"id":175,"href":"https:\/\/lavereda.com.mx\/index.php\/wp-json\/wp\/v2\/posts\/174\/revisions\/175"}],"wp:featuredmedia":[{"embeddable":true,"href":"https:\/\/lavereda.com.mx\/index.php\/wp-json\/wp\/v2\/media\/172"}],"wp:attachment":[{"href":"https:\/\/lavereda.com.mx\/index.php\/wp-json\/wp\/v2\/media?parent=174"}],"wp:term":[{"taxonomy":"category","embeddable":true,"href":"https:\/\/lavereda.com.mx\/index.php\/wp-json\/wp\/v2\/categories?post=174"},{"taxonomy":"post_tag","embeddable":true,"href":"https:\/\/lavereda.com.mx\/index.php\/wp-json\/wp\/v2\/tags?post=174"}],"curies":[{"name":"wp","href":"https:\/\/api.w.org\/{rel}","templated":true}]}}