{"id":1724,"date":"2021-06-16T16:28:18","date_gmt":"2021-06-16T16:28:18","guid":{"rendered":"http:\/\/lavereda.com.mx\/?p=1724"},"modified":"2021-06-16T16:28:21","modified_gmt":"2021-06-16T16:28:21","slug":"invitan-a-ingresar-en-la-licenciatura-en-danza-contemporanea","status":"publish","type":"post","link":"https:\/\/lavereda.com.mx\/index.php\/2021\/06\/16\/invitan-a-ingresar-en-la-licenciatura-en-danza-contemporanea\/","title":{"rendered":"Invitan a ingresar en la licenciatura en danza contempor\u00e1nea"},"content":{"rendered":"\n<p>Hace algunos a\u00f1os no era posible estudiar una carrera profesional en artes esc\u00e9nicas en la Comarca Lagunera. Pero esta realidad ha cambiado. La Escuela Municipal de Danza Contempor\u00e1nea de Torre\u00f3n (Esdacont) ha egresado a tres generaciones de bailarines y est\u00e1 convocando a su nuevo ciclo escolar 2021-2022.<\/p>\n\n\n\n<p>La escuela, bajo la direcci\u00f3n de Jaime Hinojosa, inform\u00f3 que invita a todas y todos los j\u00f3venes interesados en desempe\u00f1arse como bailarines profesionales, a presentar el examen de admisi\u00f3n, los d\u00edas 16 de junio apellidos de la A \/ M, junio 17, de la N \/ Z y junio 18 ex\u00e1menes psicom\u00e9trico y antropom\u00f3rfico. Las sesiones ser\u00e1n a las 16:00 horas en sus instalaciones: Zaragoza # 40 Norte, entre Allende y Blvd. Independencia.<\/p>\n\n\n\n<p>Jaime Hinojosa se\u00f1al\u00f3 que la Esdacont\u00a0oferta una Licenciatura\u00a0(RVOE # 5SSU0021R), incorporada y avalada por la Secretar\u00eda de\u00a0Educaci\u00f3n y el INBAL. Otorga las herramientas t\u00e9cnicas y los conocimientos sensibles necesarios que justifican su Misi\u00f3n:\u00a0\u00abFormar bailarines profesionales capacitados y solventes para\u00a0el desempe\u00f1o y ejercicio tanto t\u00e9cnico como sensible\u00bb.\u00a0\u00a0\u00a0\u00a0\u00a0\u00a0\u00a0\u00a0\u00a0\u00a0\u00a0\u00a0\u00a0\u00a0\u00a0\u00a0\u00a0\u00a0\u00a0\u00a0\u00a0\u00a0\u00a0\u00a0\u00a0\u00a0\u00a0\u00a0\u00a0\u00a0\u00a0\u00a0\u00a0\u00a0\u00a0\u00a0\u00a0\u00a0\u00a0\u00a0\u00a0\u00a0\u00a0\u00a0\u00a0\u00a0\u00a0\u00a0\u00a0\u00a0\u00a0\u00a0\u00a0\u00a0\u00a0\u00a0\u00a0\u00a0\u00a0\u00a0<br><\/p>\n\n\n\n<p>Indic\u00f3 que los requisitos\u00a0para presentar el examen de admisi\u00f3n son:<\/p>\n\n\n\n<ul class=\"wp-block-list\"><li>Preparatoria&nbsp;terminada.<\/li><li>Presentar una clase que permita identificar y evaluar mediante secuencias t\u00e9cnicas y frases de movimiento: estructura \u00f3seo-muscular \/ solvencia auditiva \/ capacidad de retenci\u00f3n \/ vocaci\u00f3n para la danza \/ disposici\u00f3n para trabajar en equipo y sensibilidad art\u00edstica.&nbsp;<\/li><li>Un examen psicom\u00e9trico y uno antropom\u00f3rfico.<\/li><\/ul>\n\n\n\n<p>\u00abAdem\u00e1s de egresar con una amplia conciencia del cuerpo como unidad b\u00e1sica de trabajo,<strong>\u00a0<\/strong>contar\u00e1n con\u00a0conocimientos m\u00e1s que generales de m\u00fasica, arte dram\u00e1tico, historia del arte y la cultura, anatom\u00eda, historia y apreciaci\u00f3n de la danza, coreograf\u00eda y gesti\u00f3n, entre otras materias\u00bb, agreg\u00f3 el director de la escuela.<\/p>\n","protected":false},"excerpt":{"rendered":"<p>Hace algunos a\u00f1os no era posible estudiar una carrera profesional en artes esc\u00e9nicas en la Comarca Lagunera. Pero esta realidad ha cambiado. La Escuela Municipal de Danza Contempor\u00e1nea de Torre\u00f3n &hellip; <a href=\"https:\/\/lavereda.com.mx\/index.php\/2021\/06\/16\/invitan-a-ingresar-en-la-licenciatura-en-danza-contemporanea\/\" class=\"more-link\">Leer m\u00e1s<\/a><\/p>\n","protected":false},"author":9,"featured_media":1725,"comment_status":"open","ping_status":"open","sticky":false,"template":"","format":"standard","meta":{"footnotes":""},"categories":[2],"tags":[],"class_list":["post-1724","post","type-post","status-publish","format-standard","has-post-thumbnail","hentry","category-artes-escenicas","entry"],"_links":{"self":[{"href":"https:\/\/lavereda.com.mx\/index.php\/wp-json\/wp\/v2\/posts\/1724","targetHints":{"allow":["GET"]}}],"collection":[{"href":"https:\/\/lavereda.com.mx\/index.php\/wp-json\/wp\/v2\/posts"}],"about":[{"href":"https:\/\/lavereda.com.mx\/index.php\/wp-json\/wp\/v2\/types\/post"}],"author":[{"embeddable":true,"href":"https:\/\/lavereda.com.mx\/index.php\/wp-json\/wp\/v2\/users\/9"}],"replies":[{"embeddable":true,"href":"https:\/\/lavereda.com.mx\/index.php\/wp-json\/wp\/v2\/comments?post=1724"}],"version-history":[{"count":1,"href":"https:\/\/lavereda.com.mx\/index.php\/wp-json\/wp\/v2\/posts\/1724\/revisions"}],"predecessor-version":[{"id":1726,"href":"https:\/\/lavereda.com.mx\/index.php\/wp-json\/wp\/v2\/posts\/1724\/revisions\/1726"}],"wp:featuredmedia":[{"embeddable":true,"href":"https:\/\/lavereda.com.mx\/index.php\/wp-json\/wp\/v2\/media\/1725"}],"wp:attachment":[{"href":"https:\/\/lavereda.com.mx\/index.php\/wp-json\/wp\/v2\/media?parent=1724"}],"wp:term":[{"taxonomy":"category","embeddable":true,"href":"https:\/\/lavereda.com.mx\/index.php\/wp-json\/wp\/v2\/categories?post=1724"},{"taxonomy":"post_tag","embeddable":true,"href":"https:\/\/lavereda.com.mx\/index.php\/wp-json\/wp\/v2\/tags?post=1724"}],"curies":[{"name":"wp","href":"https:\/\/api.w.org\/{rel}","templated":true}]}}