{"id":1721,"date":"2021-06-15T16:13:16","date_gmt":"2021-06-15T16:13:16","guid":{"rendered":"http:\/\/lavereda.com.mx\/?p=1721"},"modified":"2021-06-15T16:13:18","modified_gmt":"2021-06-15T16:13:18","slug":"celebran-centenario-luctuoso-de-ramon-lopez-velarde","status":"publish","type":"post","link":"https:\/\/lavereda.com.mx\/index.php\/2021\/06\/15\/celebran-centenario-luctuoso-de-ramon-lopez-velarde\/","title":{"rendered":"Celebran centenario luctuoso de Ram\u00f3n L\u00f3pez Velarde"},"content":{"rendered":"\n<p>La Secretar\u00eda de Cultura  y el Instituto Nacional de Bellas Artes y Literatura (INBAL) recuerdan al poeta zacatecano Ram\u00f3n L\u00f3pez Velarde, en torno a quien se han tejido diversidad de mitos en cuanto a su vida y obra, y cuya influencia perdura hasta el siglo XXI.<\/p>\n\n\n\n<p>Este 15 de junio se celebrar\u00e1 el 133 aniversario del nacimiento, el 19 de junio el centenario de su fallecimiento y de la publicaci\u00f3n de su poema\u00a0<em>La suave patria<\/em>, texto considerado un hito en la historia de la poes\u00eda mexicana.<\/p>\n\n\n\n<p>\u201cHemos preparado una programaci\u00f3n especial que incluye actividades presenciales y en l\u00ednea para recordar a Ram\u00f3n L\u00f3pez Velarde; a trav\u00e9s del INBAL, personas de todo el pa\u00eds y el mundo podr\u00e1n conocer o releer a este gran escritor\u201d, afirm\u00f3 la secretaria de Cultura del Gobierno de M\u00e9xico, Alejandra Frausto Guerrero.<\/p>\n\n\n\n<p>L\u00f3pez Velarde destac\u00f3 por su l\u00edrica, pero tambi\u00e9n por su narrativa. Se le considera el escritor que abri\u00f3 las puertas de la modernidad literaria en M\u00e9xico. Entre sus textos se encuentran&nbsp;<em>El don de febrero y otras prosas<\/em>,&nbsp;<em>Correspondencia con Eduardo J. Correa<\/em>&nbsp;<em>y otros escritos juveniles,<\/em>&nbsp;as\u00ed como los poemarios&nbsp;<em>La sangre devota<\/em>&nbsp;y&nbsp;<em>El son del coraz\u00f3n<\/em>. Su poema&nbsp;<em>La suave patria<\/em>&nbsp;(publicado de manera p\u00f3stuma el mismo a\u00f1o de su muerte, 1921) es considerado una obra maestra de las letras mexicanas y ha sido estudiado y analizado por numerosos autores, lo que ha dado pie a la creaci\u00f3n de un mito literario.<\/p>\n\n\n\n<p>La Secretar\u00eda de Cultura, a trav\u00e9s del INBAL, llevar\u00e1 a cabo el&nbsp;<em>Festival de Poes\u00eda y Po\u00e9tica 2021<\/em>&nbsp;dedicado a Ram\u00f3n L\u00f3pez Velarde. Iniciar\u00e1 con&nbsp;<em>Visitas literarias<\/em>&nbsp;el domingo 20 de junio, a las 12:00 horas, con el tema&nbsp;<em>La Patria y el coraz\u00f3n de L\u00f3pez Velarde<\/em>&nbsp;con la participaci\u00f3n de Javier Acosta (Premio Nacional de Poes\u00eda&nbsp;<em>L\u00f3pez Velarde<\/em>, 2006), desde el museo interactivo Casa&nbsp;<em>Ram\u00f3n L\u00f3pez Velarde<\/em>&nbsp;en Jerez, Zacatecas, en colaboraci\u00f3n con el Instituto Zacatecano de Cultura. Por su parte, Carmen Nozal, estudiosa de la obra del poeta, hablar\u00e1 de&nbsp;<em>La colonia Roma de Ram\u00f3n L\u00f3pez Velarde<\/em>, actividad virtual que se transmitir\u00e1 desde la avenida \u00c1lvaro Obreg\u00f3n y la Casa del Poeta<em>Ram\u00f3n L\u00f3pez Velarde<\/em>. Las dos actividades se transmitir\u00e1n a trav\u00e9s de Facebook de la Coordinaci\u00f3n Nacional de Literatura (\/<a href=\"http:\/\/coordinacion.literatura.mx\/\" target=\"_blank\" rel=\"noreferrer noopener\">coordinacion.literatura.mx<\/a>).<\/p>\n\n\n\n<p>El lunes 28 de junio a las 18:00 horas se presenta el ciclo&nbsp;<em>Los j\u00f3venes leen a L\u00f3pez Velarde<\/em>&nbsp;con la lectura del poema&nbsp;<em>La mancha de p\u00farpura<\/em>&nbsp;y con la participaci\u00f3n de Lorenzo Shelley; ser\u00e1 transmitido desde el Centro de Creaci\u00f3n Literaria&nbsp;<em>Xavier Villaurrutia&nbsp;<\/em>en su perfil en Facebook (\/<a href=\"http:\/\/coordinacion.literatura.mx\/\" target=\"_blank\" rel=\"noreferrer noopener\">coordinacion.literatura.mx<\/a>).<\/p>\n\n\n\n<p>El martes 29 de junio, el escritor Efra\u00edn Bartolom\u00e9 y la poeta Dolores Castro leer\u00e1n textos de L\u00f3pez Velarde, a las 17:00 y 18:00 horas, respectivamente. La lectura se transmitir\u00e1 a trav\u00e9s de Facebook (\/<a href=\"http:\/\/coordinacion.literatura.mx\/\" target=\"_blank\" rel=\"noreferrer noopener\">coordinacion.literatura.mx<\/a>).<\/p>\n\n\n\n<p>La charla virtual&nbsp;<em>El ed\u00e9n m\u00e1gico. Ram\u00f3n L\u00f3pez Velarde y la ciudad de Zacatecas<\/em>&nbsp;ser\u00e1 ofrecida por Yamilet Fajardo, Premio Nacional de Poes\u00eda&nbsp;<em>Ram\u00f3n L\u00f3pez Velarde&nbsp;<\/em>2013, frente a la estatua de Ram\u00f3n L\u00f3pez Velarde en la Plaza de Armas de Zacatecas. Se podr\u00e1 seguir v\u00eda Facebook (\/<a href=\"http:\/\/coordinacion.literatura.mx\/\" target=\"_blank\" rel=\"noreferrer noopener\">coordinacion.literatura.mx<\/a>), el viernes 30 de julio a las 17:00 horas. A lo largo del a\u00f1o continuar\u00e1 el Festival de Poes\u00eda y Po\u00e9tica con la participaci\u00f3n de ilustres poetas y estudiosos, cuyas actividades ser\u00e1n virtuales y presenciales (sujetas al sem\u00e1foro epidemiol\u00f3gico).<\/p>\n\n\n\n<p>Como homenaje especial, la Compa\u00f1\u00eda Nacional de Teatro del INBAL, en coproducci\u00f3n con\u00a0El Colegio Nacional,\u00a0presentar\u00e1\u00a0la lectura dramatizada\u00a0<em>Retrato hablado<\/em>, de Juan Villoro, dirigida por Arturo Beristain. Se realizar\u00e1\u00a0el 19 de agosto, a las 19:00 horas, en el vest\u00edbulo del Palacio de Bellas Artes.<\/p>\n\n\n\n<p><strong>Su obra est\u00e1 por encima de la leyenda personal<\/strong><\/p>\n\n\n\n<blockquote class=\"wp-block-quote is-layout-flow wp-block-quote-is-layout-flow\"><p>\u201cNo existe poeta mexicano alrededor del cual se haya tejido mayor n\u00famero de mitolog\u00edas\u201d, afirma el acad\u00e9mico Vicente Quirarte. \u201cSor Juan In\u00e9s de la Cruz tiene m\u00e1s de dos siglos de ventaja, y solo ella le disputa el n\u00famero de di\u00e1logos que los lectores continuamos despu\u00e9s de su muerte. L\u00f3pez Velarde, que tanto huy\u00f3 de las frases hechas, ha sido y ser\u00e1 v\u00edctima de ellas. Pero como el gran escritor no es un\u00edvoco, al final surgir\u00e1n nuevas preguntas y propuestas. En un verdadero artista, la obra est\u00e1 por encima de la leyenda personal, del mito construido a partir de su biograf\u00eda\u201d.<\/p><\/blockquote>\n\n\n\n<p>En el instante de su muerte fue consagrado poeta nacional por haber cantado con nuevo acento la intimidad de un pa\u00eds apenas salido de la violencia revolucionaria.&nbsp;<em>La suave patria<\/em>, poema genuinamente c\u00edvico, salva escollos y f\u00f3rmulas ret\u00f3ricas, incluidos los declamadores menos agraciados, afirma.<\/p>\n\n\n\n<p><strong>\u00a0<\/strong>Ciertamente \u2014afirma la poeta Elsa Cross\u2014 para las nuevas generaciones de poetas, L\u00f3pez Velarde es una figura muy querida. De los poetas nacidos en el siglo XIX, la poes\u00eda de L\u00f3pez Velarde y la de Jos\u00e9 Juan Tablada, unos a\u00f1os menor que \u00e9l, a mi juicio, son las que conservan mayor vigencia, como tambi\u00e9n la de Manuel Jos\u00e9 Oth\u00f3n, que tiene una incre\u00edble frescura y uno puede leer sin estorbos ret\u00f3ricos.<\/p>\n","protected":false},"excerpt":{"rendered":"<p>La Secretar\u00eda de Cultura y el Instituto Nacional de Bellas Artes y Literatura (INBAL) recuerdan al poeta zacatecano Ram\u00f3n L\u00f3pez Velarde, en torno a quien se han tejido diversidad de &hellip; <a href=\"https:\/\/lavereda.com.mx\/index.php\/2021\/06\/15\/celebran-centenario-luctuoso-de-ramon-lopez-velarde\/\" class=\"more-link\">Leer m\u00e1s<\/a><\/p>\n","protected":false},"author":1,"featured_media":1722,"comment_status":"open","ping_status":"open","sticky":false,"template":"","format":"standard","meta":{"footnotes":""},"categories":[5],"tags":[],"class_list":["post-1721","post","type-post","status-publish","format-standard","has-post-thumbnail","hentry","category-letras-y-libros","entry"],"_links":{"self":[{"href":"https:\/\/lavereda.com.mx\/index.php\/wp-json\/wp\/v2\/posts\/1721","targetHints":{"allow":["GET"]}}],"collection":[{"href":"https:\/\/lavereda.com.mx\/index.php\/wp-json\/wp\/v2\/posts"}],"about":[{"href":"https:\/\/lavereda.com.mx\/index.php\/wp-json\/wp\/v2\/types\/post"}],"author":[{"embeddable":true,"href":"https:\/\/lavereda.com.mx\/index.php\/wp-json\/wp\/v2\/users\/1"}],"replies":[{"embeddable":true,"href":"https:\/\/lavereda.com.mx\/index.php\/wp-json\/wp\/v2\/comments?post=1721"}],"version-history":[{"count":1,"href":"https:\/\/lavereda.com.mx\/index.php\/wp-json\/wp\/v2\/posts\/1721\/revisions"}],"predecessor-version":[{"id":1723,"href":"https:\/\/lavereda.com.mx\/index.php\/wp-json\/wp\/v2\/posts\/1721\/revisions\/1723"}],"wp:featuredmedia":[{"embeddable":true,"href":"https:\/\/lavereda.com.mx\/index.php\/wp-json\/wp\/v2\/media\/1722"}],"wp:attachment":[{"href":"https:\/\/lavereda.com.mx\/index.php\/wp-json\/wp\/v2\/media?parent=1721"}],"wp:term":[{"taxonomy":"category","embeddable":true,"href":"https:\/\/lavereda.com.mx\/index.php\/wp-json\/wp\/v2\/categories?post=1721"},{"taxonomy":"post_tag","embeddable":true,"href":"https:\/\/lavereda.com.mx\/index.php\/wp-json\/wp\/v2\/tags?post=1721"}],"curies":[{"name":"wp","href":"https:\/\/api.w.org\/{rel}","templated":true}]}}