{"id":1714,"date":"2021-06-12T15:32:57","date_gmt":"2021-06-12T15:32:57","guid":{"rendered":"http:\/\/lavereda.com.mx\/?p=1714"},"modified":"2021-06-12T15:33:00","modified_gmt":"2021-06-12T15:33:00","slug":"guerra-mundial-z","status":"publish","type":"post","link":"https:\/\/lavereda.com.mx\/index.php\/2021\/06\/12\/guerra-mundial-z\/","title":{"rendered":"Guerra Mundial Z"},"content":{"rendered":"\n<p><strong><em>(World War Z, 2013)<\/em><\/strong><\/p>\n\n\n\n<p>El magn\u00e9tico Brad Pitt comanda la acci\u00f3n en esta historia futurista, en la que la Z se refiere a los siempre temidos y architaquilleros zombies.<\/p>\n\n\n\n<p>Como cient\u00edfico, ex trabajador de Naciones Unidas, Gerry se involucra en la b\u00fasqueda de la soluci\u00f3n de una extra\u00f1a enfermedad que provoca que las personas queden muertas en vida despu\u00e9s de que otras, con la misma condici\u00f3n, las lesionen con tarascadas.<\/p>\n\n\n\n<p>La premisa es siempre la misma y las formas de contagio se repiten aqu\u00ed, al igual que en otras historias de zombis. Lo mejor es que en esta versi\u00f3n de Marc Foster hay un gran presupuesto que lo hace viajar por varios pa\u00edses, tratando de remediar esta situaci\u00f3n que hace que estos occisos horripilantes y cafeinados se conviertan en una plaga violenta que termine por arrasar el planeta.<\/p>\n\n\n\n<p>Aunque hay una gran exhibici\u00f3n de sangre, la pel\u00edcula pas\u00f3 los rigores de la censura, que tradicionalmente se muestran r\u00edgidos en estos temas, por la carga cruenta que llevan, por lo que pudo hacerse accesible a un p\u00fablico infantil y juvenil que vio una emocionante exhibici\u00f3n de suspenso, terror y drama, con una excelente hechura.<\/p>\n\n\n\n<p>Tiene una gran escena de un ataque zombi en un avi\u00f3n, que se va a pique con resultados insospechados.<\/p>\n\n\n\n<p>Es muy entretenida.<\/p>\n\n\n\n<p>(PG-13. Orientaci\u00f3n de los padres a menores de 13 a\u00f1os)<\/p>\n\n\n\n<p>Netflix<\/p>\n\n\n\n<p>Twitter @LucianoCamposG<\/p>\n","protected":false},"excerpt":{"rendered":"<p>(World War Z, 2013) El magn\u00e9tico Brad Pitt comanda la acci\u00f3n en esta historia futurista, en la que la Z se refiere a los siempre temidos y architaquilleros zombies. Como &hellip; <a href=\"https:\/\/lavereda.com.mx\/index.php\/2021\/06\/12\/guerra-mundial-z\/\" class=\"more-link\">Leer m\u00e1s<\/a><\/p>\n","protected":false},"author":3,"featured_media":1715,"comment_status":"open","ping_status":"open","sticky":false,"template":"","format":"standard","meta":{"footnotes":""},"categories":[6],"tags":[],"class_list":["post-1714","post","type-post","status-publish","format-standard","has-post-thumbnail","hentry","category-cinetv","entry"],"_links":{"self":[{"href":"https:\/\/lavereda.com.mx\/index.php\/wp-json\/wp\/v2\/posts\/1714","targetHints":{"allow":["GET"]}}],"collection":[{"href":"https:\/\/lavereda.com.mx\/index.php\/wp-json\/wp\/v2\/posts"}],"about":[{"href":"https:\/\/lavereda.com.mx\/index.php\/wp-json\/wp\/v2\/types\/post"}],"author":[{"embeddable":true,"href":"https:\/\/lavereda.com.mx\/index.php\/wp-json\/wp\/v2\/users\/3"}],"replies":[{"embeddable":true,"href":"https:\/\/lavereda.com.mx\/index.php\/wp-json\/wp\/v2\/comments?post=1714"}],"version-history":[{"count":1,"href":"https:\/\/lavereda.com.mx\/index.php\/wp-json\/wp\/v2\/posts\/1714\/revisions"}],"predecessor-version":[{"id":1716,"href":"https:\/\/lavereda.com.mx\/index.php\/wp-json\/wp\/v2\/posts\/1714\/revisions\/1716"}],"wp:featuredmedia":[{"embeddable":true,"href":"https:\/\/lavereda.com.mx\/index.php\/wp-json\/wp\/v2\/media\/1715"}],"wp:attachment":[{"href":"https:\/\/lavereda.com.mx\/index.php\/wp-json\/wp\/v2\/media?parent=1714"}],"wp:term":[{"taxonomy":"category","embeddable":true,"href":"https:\/\/lavereda.com.mx\/index.php\/wp-json\/wp\/v2\/categories?post=1714"},{"taxonomy":"post_tag","embeddable":true,"href":"https:\/\/lavereda.com.mx\/index.php\/wp-json\/wp\/v2\/tags?post=1714"}],"curies":[{"name":"wp","href":"https:\/\/api.w.org\/{rel}","templated":true}]}}