{"id":1710,"date":"2021-06-11T01:14:06","date_gmt":"2021-06-11T01:14:06","guid":{"rendered":"http:\/\/lavereda.com.mx\/?p=1710"},"modified":"2021-06-11T01:14:32","modified_gmt":"2021-06-11T01:14:32","slug":"camerata-dedica-su-noveno-concierto-a-la-violinista-marina-gorbenko","status":"publish","type":"post","link":"https:\/\/lavereda.com.mx\/index.php\/2021\/06\/11\/camerata-dedica-su-noveno-concierto-a-la-violinista-marina-gorbenko\/","title":{"rendered":"Camerata dedica su noveno concierto a la violinista Marina Gorbenko"},"content":{"rendered":"\n<p>Despu\u00e9s de 27 a\u00f1os de pertencer a la Camerata de Coahuila, la violinista rusa Marina Gorbenko se despide de las filas de la orquesta. El noveno concierto de esta temporada, ser\u00e1 dedicado a la maestra quien se integr\u00f3 a este proyecto en junio de 1994.<\/p>\n\n\n\n<p>La Camerata ofrecer\u00e1 su \u00faltimo concierto de esta serie, el viernes 11 de junio a las 20:30 horas en el Teatro Isauro Mart\u00ednez, \u00fanicamente de manera presencial, con un aforo de 360 personas.<\/p>\n\n\n\n<p>Con esta presentaci\u00f3n se rendir\u00e1 homenaje a Marina Gorbenko&nbsp;por su jubilaci\u00f3n, es una de las fundadoras de la orquesta, quien se desempe\u00f1\u00f3 como co-concertino y en varias ocasiones fue solista. Sin duda, una int\u00e9rprete talentosa y dedicada.<\/p>\n\n\n\n<p>Marina naci\u00f3 en Mosc\u00fa, Rusia, es proveniente de una familia de m\u00fasicos. A los 6 a\u00f1os inici\u00f3 sus estudios de viol\u00edn en la Escuela Estatal de M\u00fasica Tchaikovski, en Mosc\u00fa. En 1968 continu\u00f3 su preparaci\u00f3n en el Instituto Estatal de M\u00fasica Gnessin, de la misma ciudad.&nbsp;<\/p>\n\n\n\n<p>En 1968 trabaj\u00f3 en la Orquesta Sinf\u00f3nica Estatal de Mosc\u00fa bajo la direcci\u00f3n de Ver\u00f3nica Dudarova. Tiempo despu\u00e9s, se integr\u00f3 al Teatro de \u00d3pera del Conservatorio de Mosc\u00fa, tambi\u00e9n fue miembro del Teatro Musical de C\u00e1mara de Mosc\u00fa, bajo la direcci\u00f3n de Boris Pokrovski. Adem\u00e1s, particip\u00f3 en la Orquesta Colectiva Jap\u00f3n-Rusia y en la Orquesta de C\u00e1mara de Yugoslavia.&nbsp;<\/p>\n\n\n\n<p>Su llegada a M\u00e9xico fue en 1993, a\u00f1o en el que form\u00f3 parte del Ensamble de Solistas de la ciudad de Zamora, Michoac\u00e1n.&nbsp;<\/p>\n\n\n\n<p>En 1994 arriba a la ciudad de Torre\u00f3n, Coahuila, para ser miembro fundador de la orquesta \u201cCamerata de Coahuila\u201d, bajo la direcci\u00f3n del maestro Ram\u00f3n Shade. Invitada por parte del Patronato Arte, Cultura y Sinfon\u00eda de La Laguna, ahora Patronato de la Camerata de Coahuila, A.C. Durante todos estos a\u00f1os ha participado como solista en varias ocasiones, ocup\u00f3 desde el inicio y hasta el a\u00f1o 1999 el lugar de co-concertino de la orquesta; posteriormente se desempe\u00f1\u00f3 como principal de secci\u00f3n de violines segundos.&nbsp;<\/p>\n\n\n\n<p>\u201cHa sido la pasi\u00f3n por su oficio y su profesionalismo, lo que la ha mantenido en nuestro pa\u00eds, y en nuestra orquesta, desde aquel concierto inaugural el 10 de junio de 1994 en el Teatro Isauro Mart\u00ednez\u201d, expres\u00f3 la Camerata en un comunicado.&nbsp;<\/p>\n\n\n\n<p><strong>NOVENO CONCIERTO<\/strong><\/p>\n\n\n\n<p>Este \u00faltimo concierto contar\u00e1 con las obras \u201cSuite Pulcinella\u201d de Igor Stravinsky, Obertura a \u201cL\u2019isola disabitata\u201d de Joseph Haydn y \u201cConcierto para viol\u00edn No. 3 en Sol Mayor, K.216\u201d de Wolfgang Amadeus Mozart, esta pieza con la participaci\u00f3n como solista de Ismael Estevan\u00e9, bajo la batuta del maestro Ram\u00f3n Shade.&nbsp;<\/p>\n\n\n\n<p>La \u201cSuite Pulcinella\u201d de Igor Stravinsky contar\u00e1 con la participaci\u00f3n como solistas, en el viol\u00edn primero, Ismael Estevan\u00e9; en el viol\u00edn segundo, Romana Rudoman; en la viola, Yulia Mokhnatkina; en el violoncello, Carlos Castillo y en el contrabajo, Gabriel Robles.&nbsp;<\/p>\n\n\n\n<p>Para este concierto el acceso ser\u00e1 gratuito al p\u00fablico a partir de los 12 a\u00f1os.&nbsp;<\/p>\n","protected":false},"excerpt":{"rendered":"<p>Despu\u00e9s de 27 a\u00f1os de pertencer a la Camerata de Coahuila, la violinista rusa Marina Gorbenko se despide de las filas de la orquesta. El noveno concierto de esta temporada, &hellip; <a href=\"https:\/\/lavereda.com.mx\/index.php\/2021\/06\/11\/camerata-dedica-su-noveno-concierto-a-la-violinista-marina-gorbenko\/\" class=\"more-link\">Leer m\u00e1s<\/a><\/p>\n","protected":false},"author":9,"featured_media":1711,"comment_status":"open","ping_status":"open","sticky":false,"template":"","format":"standard","meta":{"footnotes":""},"categories":[4],"tags":[],"class_list":["post-1710","post","type-post","status-publish","format-standard","has-post-thumbnail","hentry","category-musica","entry"],"_links":{"self":[{"href":"https:\/\/lavereda.com.mx\/index.php\/wp-json\/wp\/v2\/posts\/1710","targetHints":{"allow":["GET"]}}],"collection":[{"href":"https:\/\/lavereda.com.mx\/index.php\/wp-json\/wp\/v2\/posts"}],"about":[{"href":"https:\/\/lavereda.com.mx\/index.php\/wp-json\/wp\/v2\/types\/post"}],"author":[{"embeddable":true,"href":"https:\/\/lavereda.com.mx\/index.php\/wp-json\/wp\/v2\/users\/9"}],"replies":[{"embeddable":true,"href":"https:\/\/lavereda.com.mx\/index.php\/wp-json\/wp\/v2\/comments?post=1710"}],"version-history":[{"count":2,"href":"https:\/\/lavereda.com.mx\/index.php\/wp-json\/wp\/v2\/posts\/1710\/revisions"}],"predecessor-version":[{"id":1713,"href":"https:\/\/lavereda.com.mx\/index.php\/wp-json\/wp\/v2\/posts\/1710\/revisions\/1713"}],"wp:featuredmedia":[{"embeddable":true,"href":"https:\/\/lavereda.com.mx\/index.php\/wp-json\/wp\/v2\/media\/1711"}],"wp:attachment":[{"href":"https:\/\/lavereda.com.mx\/index.php\/wp-json\/wp\/v2\/media?parent=1710"}],"wp:term":[{"taxonomy":"category","embeddable":true,"href":"https:\/\/lavereda.com.mx\/index.php\/wp-json\/wp\/v2\/categories?post=1710"},{"taxonomy":"post_tag","embeddable":true,"href":"https:\/\/lavereda.com.mx\/index.php\/wp-json\/wp\/v2\/tags?post=1710"}],"curies":[{"name":"wp","href":"https:\/\/api.w.org\/{rel}","templated":true}]}}