{"id":1703,"date":"2021-06-09T23:13:35","date_gmt":"2021-06-09T23:13:35","guid":{"rendered":"http:\/\/lavereda.com.mx\/?p=1703"},"modified":"2021-06-10T01:25:03","modified_gmt":"2021-06-10T01:25:03","slug":"despues-de-un-ano-sinfonica-juvenil-regresa-a-los-escenarios","status":"publish","type":"post","link":"https:\/\/lavereda.com.mx\/index.php\/2021\/06\/09\/despues-de-un-ano-sinfonica-juvenil-regresa-a-los-escenarios\/","title":{"rendered":"Despu\u00e9s de un a\u00f1o Sinf\u00f3nica Juvenil regresa a los escenarios"},"content":{"rendered":"\n<p>Poco a poco algunos teatros y foros comienzan a abrir sus puertas para recibir a los artistas laguneros.<\/p>\n\n\n\n<p>Luego de m\u00e1s de un a\u00f1o de ausencia de los escenarios, debido a la pandemia provocada por el Covid-19, la Orquesta sinf\u00f3nica Juvenil de Torre\u00f3n regresar\u00e1 con su Concierto de Verano, que ser\u00e1 este jueves 10 de junio a las 20:00 horas en el Teatro Isauro Mart\u00ednez.\u00a0<\/p>\n\n\n\n<p>La entrada ser\u00e1 libre, sin embargo el recinto abrir\u00e1 al 50% de su capacidad, para guardar los protocolos de sana distancia, adem\u00e1s, se les solicita a los asistentes que porten su cubre bocas de manera obligatoria en todo momento.<\/p>\n\n\n\n<p>Para este regreso, la Osijut, que dirige el maestro Ethan Eager, tambi\u00e9n adapt\u00f3 su programa para evitar la aglomeraci\u00f3n de los integrantes de la orquesta en el escenario, por lo que el concierto ser\u00e1 en secciones instrumentales, en un programa variado del repertorio cl\u00e1sico, el cual incluir\u00e1 piezas de autores como Carlos Ch\u00e1vez (percusi\u00f3n), Richard Wagner y la Rapsodia h\u00fangara no. 1 (alientos), as\u00ed como temas de pel\u00edculas interpretados por la&nbsp;&nbsp;secci\u00f3n de cuerdas.<\/p>\n\n\n\n<p>Si bien, ha pasado m\u00e1s de un a\u00f1o desde su \u00faltimo concierto presencial, el cual se llev\u00f3 a cabo en Las Cruces, Nuevo M\u00e9xico, en Estados Unidos, la Osijut no dej\u00f3 de trabajar durante el periodo de contingencia, ya que a trav\u00e9s de las plataformas digitales, ofrecieron diversas presentaciones virtuales, en las que implementaron nuevos formatos de y contaron con la participaci\u00f3n del coro del Instituto de M\u00fasica de Coahuila, que dirige la maestra Luz Alicia \u00c1vila, con esto, con el objetivo de estar cerca de su p\u00fablico y llegar a nuevos seguidores.<\/p>\n\n\n\n<p>La primera parte del concierto de este jueves, podr\u00e1 disfrutarse en vivo a trav\u00e9s de la p\u00e1gina de facebook del Orquesta Sinf\u00f3nica Juvenil de Torre\u00f3n y de la Direcci\u00f3n General de Cultura.<\/p>\n","protected":false},"excerpt":{"rendered":"<p>Poco a poco algunos teatros y foros comienzan a abrir sus puertas para recibir a los artistas laguneros. Luego de m\u00e1s de un a\u00f1o de ausencia de los escenarios, debido &hellip; <a href=\"https:\/\/lavereda.com.mx\/index.php\/2021\/06\/09\/despues-de-un-ano-sinfonica-juvenil-regresa-a-los-escenarios\/\" class=\"more-link\">Leer m\u00e1s<\/a><\/p>\n","protected":false},"author":1,"featured_media":1704,"comment_status":"open","ping_status":"open","sticky":false,"template":"","format":"standard","meta":{"footnotes":""},"categories":[4],"tags":[],"class_list":["post-1703","post","type-post","status-publish","format-standard","has-post-thumbnail","hentry","category-musica","entry"],"_links":{"self":[{"href":"https:\/\/lavereda.com.mx\/index.php\/wp-json\/wp\/v2\/posts\/1703","targetHints":{"allow":["GET"]}}],"collection":[{"href":"https:\/\/lavereda.com.mx\/index.php\/wp-json\/wp\/v2\/posts"}],"about":[{"href":"https:\/\/lavereda.com.mx\/index.php\/wp-json\/wp\/v2\/types\/post"}],"author":[{"embeddable":true,"href":"https:\/\/lavereda.com.mx\/index.php\/wp-json\/wp\/v2\/users\/1"}],"replies":[{"embeddable":true,"href":"https:\/\/lavereda.com.mx\/index.php\/wp-json\/wp\/v2\/comments?post=1703"}],"version-history":[{"count":2,"href":"https:\/\/lavereda.com.mx\/index.php\/wp-json\/wp\/v2\/posts\/1703\/revisions"}],"predecessor-version":[{"id":1706,"href":"https:\/\/lavereda.com.mx\/index.php\/wp-json\/wp\/v2\/posts\/1703\/revisions\/1706"}],"wp:featuredmedia":[{"embeddable":true,"href":"https:\/\/lavereda.com.mx\/index.php\/wp-json\/wp\/v2\/media\/1704"}],"wp:attachment":[{"href":"https:\/\/lavereda.com.mx\/index.php\/wp-json\/wp\/v2\/media?parent=1703"}],"wp:term":[{"taxonomy":"category","embeddable":true,"href":"https:\/\/lavereda.com.mx\/index.php\/wp-json\/wp\/v2\/categories?post=1703"},{"taxonomy":"post_tag","embeddable":true,"href":"https:\/\/lavereda.com.mx\/index.php\/wp-json\/wp\/v2\/tags?post=1703"}],"curies":[{"name":"wp","href":"https:\/\/api.w.org\/{rel}","templated":true}]}}