{"id":1699,"date":"2021-06-08T17:03:56","date_gmt":"2021-06-08T17:03:56","guid":{"rendered":"http:\/\/lavereda.com.mx\/?p=1699"},"modified":"2021-06-08T17:03:58","modified_gmt":"2021-06-08T17:03:58","slug":"la-compania-hoja-en-blanco-ofrece-dos-talleres-de-actuacion","status":"publish","type":"post","link":"https:\/\/lavereda.com.mx\/index.php\/2021\/06\/08\/la-compania-hoja-en-blanco-ofrece-dos-talleres-de-actuacion\/","title":{"rendered":"La compa\u00f1\u00eda Hoja en Blanco ofrece dos talleres de actuaci\u00f3n"},"content":{"rendered":"\n<p>La compa\u00f1\u00eda Hoja en Blanco, en conjunto con el Centro Cultural Jos\u00e9 R. Mijares y la Direcci\u00f3n General de Cultura, convoca a actrices y actores a dos propuestas de capacitaci\u00f3n teatral: la Cl\u00ednica de perfeccionamiento en actuaci\u00f3n teatral, dirigida a personas con experiencia y el Taller de actuaci\u00f3n teatral para principiantes.<br>Ambas capacitaciones estar\u00e1n a cargo del maestro Juan Carlos Mart\u00ednez actor y director de escena, egresado del Centro Universitario de Teatro (CUT), quien ha sido actor, director y productor de cine y de teatro.<\/p>\n\n\n\n<p>El taller de actuaci\u00f3n teatral para principiantes se realizar\u00e1 del 15 de junio al 30 de septiembre de 2021, con sesiones presenciales los d\u00edas martes y jueves de 6 a 8 pm en las instalaciones del Centro Cultural Jos\u00e9 R. Mijares (calle Bravo esquina con Juan Gutemberg -calle 17-).&nbsp;<\/p>\n\n\n\n<p>En este taller el alumnado obtendr\u00e1 una introducci\u00f3n al lenguaje teatral y desarrollar\u00e1 las herramientas b\u00e1sicas actorales, con seguimiento hacia una cl\u00ednica de perfeccionamiento actoral.&nbsp;<\/p>\n\n\n\n<p>Mientras que para las personas con experiencia actoral y en teatro, la cl\u00ednica dar\u00e1 inicio la semana del 14 de junio con sesiones presenciales tambi\u00e9n en el Centro Cultural Jos\u00e9 R. Mijares y tendr\u00e1 una duraci\u00f3n de cuatro meses.&nbsp;<\/p>\n\n\n\n<p>Los horarios se definir\u00e1n por com\u00fan acuerdo seg\u00fan la disposici\u00f3n de las personas inscritas. En esta cl\u00ednica teatral, desde un enfoque en las necesidades personales, el alumnado perfeccionar\u00e1 sus habilidades actorales y de dise\u00f1o de personaje sobre texto dram\u00e1tico, adem\u00e1s de trabajar sobre proyectos espec\u00edficos y obtener nociones b\u00e1sicas de direcci\u00f3n esc\u00e9nica.\u00a0<\/p>\n\n\n\n<p>El cupo de ambos talleres es limitado, cumpliendo con las medidas de seguridad sanitaria dispuestas por la Secretar\u00eda de Salud. Para mayores informes e inscripciones, favor de comunicarse v\u00eda Whatsapp al tel\u00e9fono (415)1268325 o v\u00eda Facebook con la compa\u00f1\u00eda Hoja en Blanco.&nbsp;<\/p>\n\n\n\n<p><strong>JUAN CARLOS MART\u00cdNEZ&nbsp;<\/strong><\/p>\n\n\n\n<p>Actor y director de escena, egresado del Centro Universitario de Teatro (CUT) de la Universidad Nacional Aut\u00f3noma de M\u00e9xico en la generaci\u00f3n 1980-1984. Ha trabajado en la ciudad de M\u00e9xico y distintas regiones del pa\u00eds como actor y productor de cine, teatro y televisi\u00f3n, con los directores Jos\u00e9 Caballero, Luis de Tavira y Ludwic Margules.&nbsp;<\/p>\n\n\n\n<p>En cine trabaj\u00f3 con Juan Antonio de la Riva, Nicol\u00e1s Chavarr\u00eda, Ernesto Rimoch y varios m\u00e1s, y en televisi\u00f3n con Ernesto Alonso, Carla Estrada y Pedro Dami\u00e1n. Se dedica a la docencia desde 1988, en distintas universidades p\u00fablicas y privadas del pa\u00eds. Fue el promotor del Diplomado en Teatro de la Universidad Aut\u00f3noma de Coahuila, e impulsor de la Licenciatura en Artes Esc\u00e9nicas de la UA de C. Ha dirigido talleres de formaci\u00f3n actoral en la Ciudad de M\u00e9xico, Torre\u00f3n, Monclova, Monterrey, Ciudad Ju\u00e1rez y Aguascalientes, tanto en universidades como en centros culturales y teatros. Fundador y promotor de la Red Mexicana de Teatristas, Consejero estatal de cultura y becario del Fonca-CONACULTA en cuatro ocasiones.\u00a0<\/p>\n\n\n\n<p>Actualmente se encuentra en la ciudad de Torre\u00f3n, Coahuila, en donde dirige el montaje de \u201cCharenton\u201d, sobreescritura de \u201cMarat\/Sade\u201d de Peter Weiss por Jacobo Tafoya y con la producci\u00f3n de Cecilia Guerrero y la compa\u00f1\u00eda teatral Hoja en Blanco.&nbsp;<\/p>\n","protected":false},"excerpt":{"rendered":"<p>La compa\u00f1\u00eda Hoja en Blanco, en conjunto con el Centro Cultural Jos\u00e9 R. Mijares y la Direcci\u00f3n General de Cultura, convoca a actrices y actores a dos propuestas de capacitaci\u00f3n &hellip; <a href=\"https:\/\/lavereda.com.mx\/index.php\/2021\/06\/08\/la-compania-hoja-en-blanco-ofrece-dos-talleres-de-actuacion\/\" class=\"more-link\">Leer m\u00e1s<\/a><\/p>\n","protected":false},"author":1,"featured_media":1700,"comment_status":"open","ping_status":"open","sticky":false,"template":"","format":"standard","meta":{"footnotes":""},"categories":[2],"tags":[],"class_list":["post-1699","post","type-post","status-publish","format-standard","has-post-thumbnail","hentry","category-artes-escenicas","entry"],"_links":{"self":[{"href":"https:\/\/lavereda.com.mx\/index.php\/wp-json\/wp\/v2\/posts\/1699","targetHints":{"allow":["GET"]}}],"collection":[{"href":"https:\/\/lavereda.com.mx\/index.php\/wp-json\/wp\/v2\/posts"}],"about":[{"href":"https:\/\/lavereda.com.mx\/index.php\/wp-json\/wp\/v2\/types\/post"}],"author":[{"embeddable":true,"href":"https:\/\/lavereda.com.mx\/index.php\/wp-json\/wp\/v2\/users\/1"}],"replies":[{"embeddable":true,"href":"https:\/\/lavereda.com.mx\/index.php\/wp-json\/wp\/v2\/comments?post=1699"}],"version-history":[{"count":1,"href":"https:\/\/lavereda.com.mx\/index.php\/wp-json\/wp\/v2\/posts\/1699\/revisions"}],"predecessor-version":[{"id":1701,"href":"https:\/\/lavereda.com.mx\/index.php\/wp-json\/wp\/v2\/posts\/1699\/revisions\/1701"}],"wp:featuredmedia":[{"embeddable":true,"href":"https:\/\/lavereda.com.mx\/index.php\/wp-json\/wp\/v2\/media\/1700"}],"wp:attachment":[{"href":"https:\/\/lavereda.com.mx\/index.php\/wp-json\/wp\/v2\/media?parent=1699"}],"wp:term":[{"taxonomy":"category","embeddable":true,"href":"https:\/\/lavereda.com.mx\/index.php\/wp-json\/wp\/v2\/categories?post=1699"},{"taxonomy":"post_tag","embeddable":true,"href":"https:\/\/lavereda.com.mx\/index.php\/wp-json\/wp\/v2\/tags?post=1699"}],"curies":[{"name":"wp","href":"https:\/\/api.w.org\/{rel}","templated":true}]}}