{"id":1683,"date":"2021-06-02T01:05:17","date_gmt":"2021-06-02T01:05:17","guid":{"rendered":"http:\/\/lavereda.com.mx\/?p=1683"},"modified":"2021-06-02T01:05:19","modified_gmt":"2021-06-02T01:05:19","slug":"torreon-esta-listo-para-nuevas-propuestas-alex-serhan","status":"publish","type":"post","link":"https:\/\/lavereda.com.mx\/index.php\/2021\/06\/02\/torreon-esta-listo-para-nuevas-propuestas-alex-serhan\/","title":{"rendered":"Torre\u00f3n est\u00e1 listo para nuevas propuestas: Alex Serhan"},"content":{"rendered":"\n<p>Despu\u00e9s de 17 a\u00f1os de haber emigrado de su ciudad natal, el cantante de jazz y compositor Alex Serhan regresa a Torre\u00f3n para presentar un espect\u00e1culo de fusi\u00f3n en jazz, big band, soul y pop entre otros g\u00e9neros, este 3 de junio en el Foro En Vivo. Estar\u00e1 acompa\u00f1ado de la banda lagunera The Jazz Collective.<\/p>\n\n\n\n<p>En entrevista para La Vereda, el cantante platic\u00f3 sobre el concepto de este concierto, que iniciar\u00e1 alrededor de las 21:30 horas:<\/p>\n\n\n\n<p>\u201cEs una experiencia de fusi\u00f3n jazz, de lo que ven\u00eda presentando anteriormente, canciones originales m\u00edas fusionadas al big band, con soul, jazz, pop. Me voy a unir con este ensamble The Jazz Collective que empatiza mucho con lo que yo busco.<\/p>\n\n\n\n<p>Es una versi\u00f3n h\u00edbrida pop, pero cl\u00e1sica tambi\u00e9n. Este grupo hace una interpretaci\u00f3n contempor\u00e1nea del jazz, tienen frescura e integran canciones de muchos g\u00e9neros y las llevan al jazz\u201d.&nbsp;<\/p>\n\n\n\n<p>Para Alex, quien ha compuesto temas para Camila, Reik, Danna Paola o Yair, \u201cel jazz es improvisar, estar presente en lo espont\u00e1neo, no tener todo en un guion. Vamos a presentar algo muy espont\u00e1neo, fresco, canciones cl\u00e1sicas del jazz vocal, canciones de pop llevadas al jazz y canciones originales m\u00edas\u201d.<\/p>\n\n\n\n<blockquote class=\"wp-block-quote is-layout-flow wp-block-quote-is-layout-flow\"><p>Agreg\u00f3 que \u201cm\u00e1s all\u00e1 de un sonido el jazz es estar descifrando el momento musical, es un happening, pero tambi\u00e9n van a escuchar muchas piezas conocidas\u201d.<\/p><\/blockquote>\n\n\n\n<p><em><strong>Adem\u00e1s de cantante, tambi\u00e9n has sido compositor de artistas de pop. \u00bfComo te fue con esa experiencia?<\/strong><\/em><\/p>\n\n\n\n<p>\u201cUna experiencia muy satisfactoria, soy un m\u00fasico muy curioso, a veces digo promiscuo (r\u00ede) yo he dejado que mi carrera musical tome su curso, a la primera oportunidad me grab\u00f3 el grupo K-Paz de la Sierra, yo no escrib\u00eda m\u00fasica regional mexicana, pero me avent\u00e9, lo hice, eso me empez\u00f3 a llevar a otras cosas. Es expresar un alter ego, por medio de un int\u00e9rprete. Lo sigo haciendo\u201d.<\/p>\n\n\n\n<p><em><strong>\u00bfHace cuanto te fuiste de Torre\u00f3n?<\/strong><\/em><\/p>\n\n\n\n<p>\u201cMe fui hace 17 a\u00f1os a la Ciudad de M\u00e9xico, para desarrollarme m\u00e1s como cantante, no sab\u00eda que iba a ser compositor. Crec\u00ed en los 90 con una influencia pop. Cuando estaba estudiando canto me dec\u00edan que cambiaba mucho las canciones, que ten\u00eda que respetarlas, hasta que un maestro me dijo: tu lo que necesitas es hacer tus propias canciones. Ah\u00ed me volv\u00ed compositor\u201d.<\/p>\n\n\n\n<p>Alex comparti\u00f3 que la primera academia de canto en la que estuvo era la de Amparo Rub\u00edn, una compositora muy renombrada en los 80. \u201cNo hab\u00eda muchas academias con el enfoque que yo buscaba. Tuve un gran maestro V\u00edctor Ramos, con el que empat\u00e9. Despu\u00e9s estuve en el taller de la Sociedad de Autores de M\u00e9xico, una sociedad que ha hecho mucho por la m\u00fasica en el pa\u00eds y la defensa de los derechos de autor\u201d.&nbsp;<\/p>\n\n\n\n<p><em><strong>\u00bfPor qu\u00e9 decidiste presentar tu show en Torre\u00f3n?<\/strong><\/em><\/p>\n\n\n\n<p>\u201cPienso que Torre\u00f3n est\u00e1 listo para propuestas nuevas, par escuchar voces nuevas, no solo en el aspecto de cantantes sino de m\u00fasicos, tuve una sorpresa muy grata al encontrar esta banda de laguneros porque son muy talentosos.<\/p>\n\n\n\n<p>Veo el \u00e1rea de oportunidad, no somos muchos los artistas proponiendo este tipo de conciertos. Hay un cari\u00f1o especial porque soy de ac\u00e1. Adem\u00e1s estoy lanzando un disco de Big Band el 24 de junio en el Lunario en la Ciudad de M\u00e9xico, antes lanc\u00e9 el primer sencillo de ese disco hace dos meses que se llama La Vida Boheme. Va a ser un show digital\u201d, finaliz\u00f3 el cantante.<\/p>\n\n\n\n<figure class=\"wp-block-image size-large\"><img fetchpriority=\"high\" decoding=\"async\" width=\"1000\" height=\"646\" src=\"https:\/\/lavereda.com.mx\/wp-content\/uploads\/2021\/06\/IMG_8469.jpg\" alt=\"\" class=\"wp-image-1685\" srcset=\"https:\/\/lavereda.com.mx\/wp-content\/uploads\/2021\/06\/IMG_8469.jpg 1000w, https:\/\/lavereda.com.mx\/wp-content\/uploads\/2021\/06\/IMG_8469-300x194.jpg 300w, https:\/\/lavereda.com.mx\/wp-content\/uploads\/2021\/06\/IMG_8469-768x496.jpg 768w\" sizes=\"(max-width: 1000px) 100vw, 1000px\" \/><\/figure>\n","protected":false},"excerpt":{"rendered":"<p>Despu\u00e9s de 17 a\u00f1os de haber emigrado de su ciudad natal, el cantante de jazz y compositor Alex Serhan regresa a Torre\u00f3n para presentar un espect\u00e1culo de fusi\u00f3n en jazz, &hellip; <a href=\"https:\/\/lavereda.com.mx\/index.php\/2021\/06\/02\/torreon-esta-listo-para-nuevas-propuestas-alex-serhan\/\" class=\"more-link\">Leer m\u00e1s<\/a><\/p>\n","protected":false},"author":9,"featured_media":1684,"comment_status":"open","ping_status":"open","sticky":false,"template":"","format":"standard","meta":{"footnotes":""},"categories":[7,4],"tags":[],"class_list":["post-1683","post","type-post","status-publish","format-standard","has-post-thumbnail","hentry","category-entretenimiento","category-musica","entry"],"_links":{"self":[{"href":"https:\/\/lavereda.com.mx\/index.php\/wp-json\/wp\/v2\/posts\/1683","targetHints":{"allow":["GET"]}}],"collection":[{"href":"https:\/\/lavereda.com.mx\/index.php\/wp-json\/wp\/v2\/posts"}],"about":[{"href":"https:\/\/lavereda.com.mx\/index.php\/wp-json\/wp\/v2\/types\/post"}],"author":[{"embeddable":true,"href":"https:\/\/lavereda.com.mx\/index.php\/wp-json\/wp\/v2\/users\/9"}],"replies":[{"embeddable":true,"href":"https:\/\/lavereda.com.mx\/index.php\/wp-json\/wp\/v2\/comments?post=1683"}],"version-history":[{"count":1,"href":"https:\/\/lavereda.com.mx\/index.php\/wp-json\/wp\/v2\/posts\/1683\/revisions"}],"predecessor-version":[{"id":1686,"href":"https:\/\/lavereda.com.mx\/index.php\/wp-json\/wp\/v2\/posts\/1683\/revisions\/1686"}],"wp:featuredmedia":[{"embeddable":true,"href":"https:\/\/lavereda.com.mx\/index.php\/wp-json\/wp\/v2\/media\/1684"}],"wp:attachment":[{"href":"https:\/\/lavereda.com.mx\/index.php\/wp-json\/wp\/v2\/media?parent=1683"}],"wp:term":[{"taxonomy":"category","embeddable":true,"href":"https:\/\/lavereda.com.mx\/index.php\/wp-json\/wp\/v2\/categories?post=1683"},{"taxonomy":"post_tag","embeddable":true,"href":"https:\/\/lavereda.com.mx\/index.php\/wp-json\/wp\/v2\/tags?post=1683"}],"curies":[{"name":"wp","href":"https:\/\/api.w.org\/{rel}","templated":true}]}}