{"id":1679,"date":"2021-05-31T15:53:21","date_gmt":"2021-05-31T15:53:21","guid":{"rendered":"http:\/\/lavereda.com.mx\/?p=1679"},"modified":"2021-05-31T15:53:23","modified_gmt":"2021-05-31T15:53:23","slug":"la-exposicion-magister-raffaello-extiende-su-periodo-de-exhibicion","status":"publish","type":"post","link":"https:\/\/lavereda.com.mx\/index.php\/2021\/05\/31\/la-exposicion-magister-raffaello-extiende-su-periodo-de-exhibicion\/","title":{"rendered":"La exposici\u00f3n Magister Raffaello extiende su periodo de exhibici\u00f3n"},"content":{"rendered":"\n<ul class=\"wp-block-list\"><li><strong>Esta exhibici\u00f3n multimedia fue inaugurada el pasado 18 de abril en la Galer\u00eda Central del Cenart&nbsp;<\/strong><\/li><\/ul>\n\n\n\n<p>Ciudad de M\u00e9xico.- Gracias a la exitosa respuesta por parte del p\u00fablico, la exposici\u00f3n\u00a0<em>Magister Raffaello, un maravilloso viaje por el Renacimiento italiano<\/em>, que hasta la fecha ha recibido m\u00e1s de mil 500 visitantes, extiende su fecha de cierre hasta el pr\u00f3ximo domingo 20 de junio. Esta muestra, presentada en el Centro Nacional de las Artes (Cenart), en colaboraci\u00f3n con el Instituto Italiano de Cultura y Magister Art, utiliza proyecciones, videos y diversos recursos tecnol\u00f3gicos, para mostrar la carrera del gran artista del Renacimiento, Raffaello Sanzio (1483-1520).\u00a0<\/p>\n\n\n\n<p>&nbsp;&nbsp;&nbsp;&nbsp;&nbsp;&nbsp;&nbsp;&nbsp;&nbsp;&nbsp;&nbsp;&nbsp;Tras presentarse en Austria y Vietnam,&nbsp;<em>Magister Raffaello<\/em>&nbsp;lleg\u00f3 a la Galer\u00eda Central del Cenart el pasado 18 de abril. La exposici\u00f3n es apta para todo p\u00fablico y cuenta con dos audios para recorrerla: uno para adultos y otro para infancias, los cuales se podr\u00e1n escuchar al descargar la aplicaci\u00f3n&nbsp;<em>Magister Art&nbsp;<\/em>(disponible para sistema iOS y Android a trav\u00e9s de un c\u00f3digo QR), por lo que es necesario el uso de un tel\u00e9fono inteligente y aud\u00edfonos propios y siguiendo los protocolos para el cuidado de la salud.&nbsp;<\/p>\n\n\n\n<p>&nbsp;&nbsp;&nbsp;&nbsp;&nbsp;&nbsp;&nbsp;&nbsp;&nbsp;&nbsp;&nbsp;&nbsp;La curadur\u00eda, a cargo del historiador del arte Claudio Strinati, con el apoyo de Federico Strinati y un comit\u00e9 cient\u00edfico de alcance internacional, fue concebida como un viaje a trav\u00e9s de la vida de Sanzio. Por ello, la muestra se articula en seis espacios con m\u00e1s de 40 obras que marcan las diferentes fases de su carrera.&nbsp;<\/p>\n\n\n\n<p><em>&nbsp;&nbsp;&nbsp;&nbsp;&nbsp;&nbsp;&nbsp;&nbsp;&nbsp;&nbsp;&nbsp;&nbsp;Magister Raffaello, un maravilloso viaje por el Renacimiento italiano&nbsp;<\/em>permanece abierta al p\u00fablico en la Galer\u00eda Central Cenart hasta el 20 de junio de 2021, de mi\u00e9rcoles a domingo, en un horario de 10:00 a 17:30 horas. La entrada es libre, con previa reservaci\u00f3n a trav\u00e9s del siguiente enlace&nbsp;<a href=\"https:\/\/forms.gle\/EmgFKDM9rvYjxGuo6\" target=\"_blank\" rel=\"noreferrer noopener\">https:\/\/forms.gle\/EmgFKDM9rvYjxGuo6<\/a>. El cronograma est\u00e1 sujeto a cambios de acuerdo con el sem\u00e1foro epidemiol\u00f3gico.&nbsp;<\/p>\n\n\n\n<p>&nbsp;&nbsp;&nbsp;&nbsp;&nbsp;&nbsp;&nbsp;&nbsp;&nbsp;&nbsp;&nbsp;&nbsp;Para el cuidado de la salud el aforo de la Galer\u00eda es limitado y solo se permite la entrada con registro previo y sin mochilas ni bultos. Se realizar\u00e1 unriguroso protocolo sanitario para la protecci\u00f3n de las personas visitantes y trabajadoras del Cenart, el cual incluye el acceso a trav\u00e9s de un filtro sanitario, uso obligatorio de cubrebocas y respetar la sana distancia, de acuerdo con los lineamientos establecidos por las autoridades sanitarias.&nbsp;<\/p>\n\n\n\n<p>&nbsp;&nbsp;&nbsp;&nbsp;&nbsp;&nbsp;&nbsp;&nbsp;&nbsp;&nbsp;&nbsp;&nbsp;Para m\u00e1s informaci\u00f3n consulta la p\u00e1gina&nbsp;<a href=\"http:\/\/www.cenart.gob.mx\/\" target=\"_blank\" rel=\"noreferrer noopener\">www.cenart.gob.mx<\/a>, as\u00ed como las cuentas Facebook Centro Nacional de las Artes M\u00e9xico y @cenartmx en Twitter e Instagram.&nbsp;<\/p>\n","protected":false},"excerpt":{"rendered":"<p>Esta exhibici\u00f3n multimedia fue inaugurada el pasado 18 de abril en la Galer\u00eda Central del Cenart&nbsp; Ciudad de M\u00e9xico.- Gracias a la exitosa respuesta por parte del p\u00fablico, la exposici\u00f3n\u00a0Magister &hellip; <a href=\"https:\/\/lavereda.com.mx\/index.php\/2021\/05\/31\/la-exposicion-magister-raffaello-extiende-su-periodo-de-exhibicion\/\" class=\"more-link\">Leer m\u00e1s<\/a><\/p>\n","protected":false},"author":1,"featured_media":1680,"comment_status":"open","ping_status":"open","sticky":false,"template":"","format":"standard","meta":{"footnotes":""},"categories":[3],"tags":[],"class_list":["post-1679","post","type-post","status-publish","format-standard","has-post-thumbnail","hentry","category-artes-visuales","entry"],"_links":{"self":[{"href":"https:\/\/lavereda.com.mx\/index.php\/wp-json\/wp\/v2\/posts\/1679","targetHints":{"allow":["GET"]}}],"collection":[{"href":"https:\/\/lavereda.com.mx\/index.php\/wp-json\/wp\/v2\/posts"}],"about":[{"href":"https:\/\/lavereda.com.mx\/index.php\/wp-json\/wp\/v2\/types\/post"}],"author":[{"embeddable":true,"href":"https:\/\/lavereda.com.mx\/index.php\/wp-json\/wp\/v2\/users\/1"}],"replies":[{"embeddable":true,"href":"https:\/\/lavereda.com.mx\/index.php\/wp-json\/wp\/v2\/comments?post=1679"}],"version-history":[{"count":1,"href":"https:\/\/lavereda.com.mx\/index.php\/wp-json\/wp\/v2\/posts\/1679\/revisions"}],"predecessor-version":[{"id":1681,"href":"https:\/\/lavereda.com.mx\/index.php\/wp-json\/wp\/v2\/posts\/1679\/revisions\/1681"}],"wp:featuredmedia":[{"embeddable":true,"href":"https:\/\/lavereda.com.mx\/index.php\/wp-json\/wp\/v2\/media\/1680"}],"wp:attachment":[{"href":"https:\/\/lavereda.com.mx\/index.php\/wp-json\/wp\/v2\/media?parent=1679"}],"wp:term":[{"taxonomy":"category","embeddable":true,"href":"https:\/\/lavereda.com.mx\/index.php\/wp-json\/wp\/v2\/categories?post=1679"},{"taxonomy":"post_tag","embeddable":true,"href":"https:\/\/lavereda.com.mx\/index.php\/wp-json\/wp\/v2\/tags?post=1679"}],"curies":[{"name":"wp","href":"https:\/\/api.w.org\/{rel}","templated":true}]}}