{"id":1661,"date":"2021-05-27T23:13:08","date_gmt":"2021-05-27T23:13:08","guid":{"rendered":"http:\/\/lavereda.com.mx\/?p=1661"},"modified":"2021-05-27T23:13:10","modified_gmt":"2021-05-27T23:13:10","slug":"nombran-a-nueva-coordinadora-de-la-escuela-de-artes-escenicas","status":"publish","type":"post","link":"https:\/\/lavereda.com.mx\/index.php\/2021\/05\/27\/nombran-a-nueva-coordinadora-de-la-escuela-de-artes-escenicas\/","title":{"rendered":"Nombran a nueva coordinadora de la Escuela de Artes Esc\u00e9nicas"},"content":{"rendered":"\n<p>Mar\u00eda de Lourdes Reyes Quezada, fue designada nueva coordinadora de la Escuela de Artes Esc\u00e9nicas y Gesti\u00f3n Cultural de la Universidad Aut\u00f3noma de Coahuila Unidad Torre\u00f3n, y para tal efecto le tom\u00f3 la protesta de rigor el secretario general de la instituci\u00f3n, Miguel \u00c1ngel Rodr\u00edguez Calder\u00f3n, inform\u00f3 la instituci\u00f3n en un comunicado. <\/p>\n\n\n\n<p>El nombramiento se da ante el inesperado deceso de Gerardo Moscoso Caama\u00f1o, quien fungi\u00f3 en el puesto de coordinador desde febrero de 2017.<\/p>\n\n\n\n<p>Gonz\u00e1lez Calder\u00f3n, en una ceremonia celebrada este jueves en el plantel, ante la coordinadora de la Unidad Torre\u00f3n, Sandra L\u00f3pez Chavarr\u00eda; la secretaria general de la Coordinaci\u00f3n, Brenda \u00c1lvarez Tostado, y un peque\u00f1o grupo de estudiantes y maestras, dijo que el compromiso es llevar adelante lo que Moscoso Caama\u00f1o dej\u00f3 establecido.<\/p>\n\n\n\n<blockquote class=\"wp-block-quote is-layout-flow wp-block-quote-is-layout-flow\"><p>\u201cEl doctor Moscoso siempre tuvo el empe\u00f1o y el cari\u00f1o para que de esta escuela egresen profesionistas plenamente preparados para el arte. Le damos una sentida despedida y nuestro agradecimiento\u201d, expres\u00f3.<\/p><\/blockquote>\n\n\n\n<p>El funcionario apunt\u00f3 que, para darle la fortaleza institucional a la Escuela de Artes Esc\u00e9nicas y Gesti\u00f3n Cultural, lo primero ser\u00e1 que con la maestra Lourdes Reyes, se convoque la instauraci\u00f3n del Consejo Directivo, instancia que convocar\u00eda a elecciones de quien podr\u00eda llegar a la direcci\u00f3n de EAEyGC, de entre la planta docente.<\/p>\n\n\n\n<p>La coordinadora de la Unidad Torre\u00f3n, por su parte, comprometi\u00f3 el apoyo necesario para que la escuela siga adelante \u201cy se cumpla el sue\u00f1o del doctor Moscoso, con un nuevo modelo educativo y el respaldo de los maestros\u201d.<\/p>\n","protected":false},"excerpt":{"rendered":"<p>Mar\u00eda de Lourdes Reyes Quezada, fue designada nueva coordinadora de la Escuela de Artes Esc\u00e9nicas y Gesti\u00f3n Cultural de la Universidad Aut\u00f3noma de Coahuila Unidad Torre\u00f3n, y para tal efecto &hellip; <a href=\"https:\/\/lavereda.com.mx\/index.php\/2021\/05\/27\/nombran-a-nueva-coordinadora-de-la-escuela-de-artes-escenicas\/\" class=\"more-link\">Leer m\u00e1s<\/a><\/p>\n","protected":false},"author":1,"featured_media":1662,"comment_status":"open","ping_status":"open","sticky":false,"template":"","format":"standard","meta":{"footnotes":""},"categories":[2],"tags":[],"class_list":["post-1661","post","type-post","status-publish","format-standard","has-post-thumbnail","hentry","category-artes-escenicas","entry"],"_links":{"self":[{"href":"https:\/\/lavereda.com.mx\/index.php\/wp-json\/wp\/v2\/posts\/1661","targetHints":{"allow":["GET"]}}],"collection":[{"href":"https:\/\/lavereda.com.mx\/index.php\/wp-json\/wp\/v2\/posts"}],"about":[{"href":"https:\/\/lavereda.com.mx\/index.php\/wp-json\/wp\/v2\/types\/post"}],"author":[{"embeddable":true,"href":"https:\/\/lavereda.com.mx\/index.php\/wp-json\/wp\/v2\/users\/1"}],"replies":[{"embeddable":true,"href":"https:\/\/lavereda.com.mx\/index.php\/wp-json\/wp\/v2\/comments?post=1661"}],"version-history":[{"count":1,"href":"https:\/\/lavereda.com.mx\/index.php\/wp-json\/wp\/v2\/posts\/1661\/revisions"}],"predecessor-version":[{"id":1663,"href":"https:\/\/lavereda.com.mx\/index.php\/wp-json\/wp\/v2\/posts\/1661\/revisions\/1663"}],"wp:featuredmedia":[{"embeddable":true,"href":"https:\/\/lavereda.com.mx\/index.php\/wp-json\/wp\/v2\/media\/1662"}],"wp:attachment":[{"href":"https:\/\/lavereda.com.mx\/index.php\/wp-json\/wp\/v2\/media?parent=1661"}],"wp:term":[{"taxonomy":"category","embeddable":true,"href":"https:\/\/lavereda.com.mx\/index.php\/wp-json\/wp\/v2\/categories?post=1661"},{"taxonomy":"post_tag","embeddable":true,"href":"https:\/\/lavereda.com.mx\/index.php\/wp-json\/wp\/v2\/tags?post=1661"}],"curies":[{"name":"wp","href":"https:\/\/api.w.org\/{rel}","templated":true}]}}