{"id":1657,"date":"2021-05-27T16:54:59","date_gmt":"2021-05-27T16:54:59","guid":{"rendered":"http:\/\/lavereda.com.mx\/?p=1657"},"modified":"2021-05-27T17:42:51","modified_gmt":"2021-05-27T17:42:51","slug":"musicos-de-viento-y-contrabajo-se-luciran-con-la-camerata-de-coahuila","status":"publish","type":"post","link":"https:\/\/lavereda.com.mx\/index.php\/2021\/05\/27\/musicos-de-viento-y-contrabajo-se-luciran-con-la-camerata-de-coahuila\/","title":{"rendered":"M\u00fasicos de viento y contrabajo, se lucir\u00e1n con la Camerata de Coahuila"},"content":{"rendered":"\n<p>Los int\u00e9rpretes de instrumentos de viento y contrabajo ser\u00e1n los protagonistas del octavo concierto de la Camerata de Coahuila. En esta ocasi\u00f3n el Centro de Convenciones de Torre\u00f3n ser\u00e1 el escenario  de esta presentaci\u00f3n virtual de la temporada primavera verano 2021, bajo la batuta del director art\u00edstico Ram\u00f3n Shade.<\/p>\n\n\n\n<p>El concierto incluir\u00e1 la Serenata no.10 en Si Bemol Mayor, K.361\/370a conocida como&nbsp;\u201cGran Partita\u201d&nbsp;de Wolfgang Amadeus Mozart, es una c\u00e9lebre partitura escrita para doce instrumentos de viento y un contrabajo. La cita es este viernes 28 de mayo en punto de las 20:30 horas, en una transmisi\u00f3n completamente en vivo a trav\u00e9s de la p\u00e1gina de Facebook: CAMERATA DE COAHUILA.<\/p>\n\n\n\n<p>Este concierto ser\u00e1 presentado \u00fanicamente en formato virtual, con los m\u00e1s altos est\u00e1ndares tecnol\u00f3gicos e innovadores, el cual el p\u00fablico podr\u00e1 tener acceso de manera gratuita.<\/p>\n\n\n\n<p>Para este programa se contar\u00e1 con la participaci\u00f3n en los oboes de Ioseb Gamilagdishvili y Borja Pareja; en los clarinetes Fernando Guijarro y Juan Jos\u00e9 Carre\u00f3n; en los cornos di Basetto los invitados Francisco Javier Guti\u00e9rrez y Jes\u00fas Emmanuel Torres. En los fagotes Juan Pablo Linares y como invitada Mar\u00eda Fernanda L\u00f3pez; en los cornos Juan Caltzontzin, Arturo Ortiz, Serguei Marouchtchak y Alexandre Marouchtchak. En el contrabajo Daniel Rivas Olivares.<\/p>\n\n\n\n<p>.<\/p>\n","protected":false},"excerpt":{"rendered":"<p>Los int\u00e9rpretes de instrumentos de viento y contrabajo ser\u00e1n los protagonistas del octavo concierto de la Camerata de Coahuila. En esta ocasi\u00f3n el Centro de Convenciones de Torre\u00f3n ser\u00e1 el &hellip; <a href=\"https:\/\/lavereda.com.mx\/index.php\/2021\/05\/27\/musicos-de-viento-y-contrabajo-se-luciran-con-la-camerata-de-coahuila\/\" class=\"more-link\">Leer m\u00e1s<\/a><\/p>\n","protected":false},"author":9,"featured_media":1658,"comment_status":"open","ping_status":"open","sticky":false,"template":"","format":"standard","meta":{"footnotes":""},"categories":[4],"tags":[],"class_list":["post-1657","post","type-post","status-publish","format-standard","has-post-thumbnail","hentry","category-musica","entry"],"_links":{"self":[{"href":"https:\/\/lavereda.com.mx\/index.php\/wp-json\/wp\/v2\/posts\/1657","targetHints":{"allow":["GET"]}}],"collection":[{"href":"https:\/\/lavereda.com.mx\/index.php\/wp-json\/wp\/v2\/posts"}],"about":[{"href":"https:\/\/lavereda.com.mx\/index.php\/wp-json\/wp\/v2\/types\/post"}],"author":[{"embeddable":true,"href":"https:\/\/lavereda.com.mx\/index.php\/wp-json\/wp\/v2\/users\/9"}],"replies":[{"embeddable":true,"href":"https:\/\/lavereda.com.mx\/index.php\/wp-json\/wp\/v2\/comments?post=1657"}],"version-history":[{"count":2,"href":"https:\/\/lavereda.com.mx\/index.php\/wp-json\/wp\/v2\/posts\/1657\/revisions"}],"predecessor-version":[{"id":1660,"href":"https:\/\/lavereda.com.mx\/index.php\/wp-json\/wp\/v2\/posts\/1657\/revisions\/1660"}],"wp:featuredmedia":[{"embeddable":true,"href":"https:\/\/lavereda.com.mx\/index.php\/wp-json\/wp\/v2\/media\/1658"}],"wp:attachment":[{"href":"https:\/\/lavereda.com.mx\/index.php\/wp-json\/wp\/v2\/media?parent=1657"}],"wp:term":[{"taxonomy":"category","embeddable":true,"href":"https:\/\/lavereda.com.mx\/index.php\/wp-json\/wp\/v2\/categories?post=1657"},{"taxonomy":"post_tag","embeddable":true,"href":"https:\/\/lavereda.com.mx\/index.php\/wp-json\/wp\/v2\/tags?post=1657"}],"curies":[{"name":"wp","href":"https:\/\/api.w.org\/{rel}","templated":true}]}}