{"id":1654,"date":"2021-05-27T01:32:20","date_gmt":"2021-05-27T01:32:20","guid":{"rendered":"http:\/\/lavereda.com.mx\/?p=1654"},"modified":"2021-05-27T01:32:22","modified_gmt":"2021-05-27T01:32:22","slug":"netflix-anuncia-estreno-de-serie-sobre-la-masacre-de-allende","status":"publish","type":"post","link":"https:\/\/lavereda.com.mx\/index.php\/2021\/05\/27\/netflix-anuncia-estreno-de-serie-sobre-la-masacre-de-allende\/","title":{"rendered":"Netflix anuncia estreno de serie sobre la masacre de Allende"},"content":{"rendered":"\n<p>La violencia ocasionada por la guerra contra el narcotr\u00e1fico ha sido incesante tema de series y pel\u00edculas de un tiempo a la fecha. Pero nunca se hab\u00eda producido un programa sobre un episodio tan cercano a nosotros, los coahuilenses, y que no hemos podido ni podremos olvidar.<\/p>\n\n\n\n<p>Netflix anunci\u00f3 el estreno el pr\u00f3ximo 30 de junio de \u201cSomos\u201d, con la siguiente sinopsis:<\/p>\n\n\n\n<p>\u201cLa vida de los habitantes del pueblo de Allende, Coahuila, queda a merced de un poderoso cartel y la tragedia no tarda en llegar. Inspirada en hechos reales, no contados antes\u201d.<\/p>\n\n\n\n<p>Se trata de un trabajo basado en una investigaci\u00f3n period\u00edstica&nbsp;realizada por la reportera estadounidense Ginger Thompson.&nbsp;El director es James Schamus (productor de \u201cBrokeback Mountain\u201d, entre otros t\u00edtulos) y las escritoras del gui\u00f3n son Monika Revilla y Fernanda Melchor.<\/p>\n\n\n\n<p>Pero \u00bfqu\u00e9 ocurri\u00f3 en Allende, Coahuila?<\/p>\n\n\n\n<p>\u201cEl 18 de marzo de 2011, sicarios de Los Zetas irrumpieron en el peque\u00f1o municipio fronterizo buscando venganza porque alguien les hab\u00eda traicionado. Tres d\u00edas despu\u00e9s la localidad era una zona de guerra: casas destruidas, comercios arrasados y un n\u00famero de muertos y desaparecidos que todav\u00eda hoy no ha sido clarificado\u2026\u201d public\u00f3 el portal Animal Pol\u00edtico hace unos d\u00edas, recordando que se han cumplido 10 a\u00f1os de esta terrible masacre.<\/p>\n\n\n\n<p>Otros periodistas han publicado anteriormente trabajos sobre el tema, como es Diego Enrique Osorno, quien realiz\u00f3 un documental para HBO y Vice sobre los hechos en Allende.<\/p>\n\n\n\n<p>El tr\u00e1iler de la serie est\u00e1 disponible en las plataformas:<\/p>\n\n\n\n<figure class=\"wp-block-embed is-type-video is-provider-youtube wp-block-embed-youtube wp-embed-aspect-16-9 wp-has-aspect-ratio\"><div class=\"wp-block-embed__wrapper\">\n<iframe title=\"Somos. | Tr\u00e1iler oficial | Netflix\" width=\"1170\" height=\"658\" src=\"https:\/\/www.youtube.com\/embed\/6HTS2apdLH0?feature=oembed\" frameborder=\"0\" allow=\"accelerometer; autoplay; clipboard-write; encrypted-media; gyroscope; picture-in-picture\" allowfullscreen><\/iframe>\n<\/div><\/figure>\n","protected":false},"excerpt":{"rendered":"<p>La violencia ocasionada por la guerra contra el narcotr\u00e1fico ha sido incesante tema de series y pel\u00edculas de un tiempo a la fecha. Pero nunca se hab\u00eda producido un programa &hellip; <a href=\"https:\/\/lavereda.com.mx\/index.php\/2021\/05\/27\/netflix-anuncia-estreno-de-serie-sobre-la-masacre-de-allende\/\" class=\"more-link\">Leer m\u00e1s<\/a><\/p>\n","protected":false},"author":9,"featured_media":1655,"comment_status":"open","ping_status":"open","sticky":false,"template":"","format":"standard","meta":{"footnotes":""},"categories":[6,18],"tags":[],"class_list":["post-1654","post","type-post","status-publish","format-standard","has-post-thumbnail","hentry","category-cinetv","category-lomasrelevante","entry"],"_links":{"self":[{"href":"https:\/\/lavereda.com.mx\/index.php\/wp-json\/wp\/v2\/posts\/1654","targetHints":{"allow":["GET"]}}],"collection":[{"href":"https:\/\/lavereda.com.mx\/index.php\/wp-json\/wp\/v2\/posts"}],"about":[{"href":"https:\/\/lavereda.com.mx\/index.php\/wp-json\/wp\/v2\/types\/post"}],"author":[{"embeddable":true,"href":"https:\/\/lavereda.com.mx\/index.php\/wp-json\/wp\/v2\/users\/9"}],"replies":[{"embeddable":true,"href":"https:\/\/lavereda.com.mx\/index.php\/wp-json\/wp\/v2\/comments?post=1654"}],"version-history":[{"count":1,"href":"https:\/\/lavereda.com.mx\/index.php\/wp-json\/wp\/v2\/posts\/1654\/revisions"}],"predecessor-version":[{"id":1656,"href":"https:\/\/lavereda.com.mx\/index.php\/wp-json\/wp\/v2\/posts\/1654\/revisions\/1656"}],"wp:featuredmedia":[{"embeddable":true,"href":"https:\/\/lavereda.com.mx\/index.php\/wp-json\/wp\/v2\/media\/1655"}],"wp:attachment":[{"href":"https:\/\/lavereda.com.mx\/index.php\/wp-json\/wp\/v2\/media?parent=1654"}],"wp:term":[{"taxonomy":"category","embeddable":true,"href":"https:\/\/lavereda.com.mx\/index.php\/wp-json\/wp\/v2\/categories?post=1654"},{"taxonomy":"post_tag","embeddable":true,"href":"https:\/\/lavereda.com.mx\/index.php\/wp-json\/wp\/v2\/tags?post=1654"}],"curies":[{"name":"wp","href":"https:\/\/api.w.org\/{rel}","templated":true}]}}