{"id":1642,"date":"2021-05-21T18:03:24","date_gmt":"2021-05-21T18:03:24","guid":{"rendered":"http:\/\/lavereda.com.mx\/?p=1642"},"modified":"2021-05-21T18:03:27","modified_gmt":"2021-05-21T18:03:27","slug":"escritor-de-costa-rica-gana-premio-de-poesia-manuel-acuna","status":"publish","type":"post","link":"https:\/\/lavereda.com.mx\/index.php\/2021\/05\/21\/escritor-de-costa-rica-gana-premio-de-poesia-manuel-acuna\/","title":{"rendered":"Escritor de Costa Rica gana Premio de Poes\u00eda Manuel Acu\u00f1a"},"content":{"rendered":"\n<p>La Secretar\u00eda de Cultura de Coahuila inform\u00f3 que el poeta David Cruz Jim\u00e9nez es el ganador de la Categor\u00eda de Obra In\u00e9dita, esto en la octava edici\u00f3n del Premio Internacional Manuel Acu\u00f1a de Poes\u00eda en Lengua Espa\u00f1ola.<\/p>\n\n\n\n<p>La dependencia detall\u00f3 que el jurado, despu\u00e9s de analizar los 30 trabajos finalistas, deliber\u00f3 en torno a los tres poemarios considerados como posibles ganadores, decidiendo otorgar por unanimidad el premio de Obra In\u00e9dita al trabajo titulado \u201cLazarus\u201d, con n\u00famero de folio 001, y que participa con el pseud\u00f3nimo \u201cAlice Rahon\u201d.<\/p>\n\n\n\n<p>\u201cQueremos felicitar al poeta ganador y a su poes\u00eda. Estamos contentos de tener este premio (PIMAPLE) en nuestra entidad, ya que impulsar este g\u00e9nero literario ha sido una constante de nuestro gobierno coahuilense\u201d, expres\u00f3 la Secretar\u00eda de Cultura.<\/p>\n\n\n\n<p>Al tiempo que agreg\u00f3 que se espera poder llevar a cabo la ceremonia de premiaci\u00f3n en el marco de la Feria Internacional del Libro de Coahuila (FILC), misma que se planea llevar a cabo del 16 al 26 de septiembre del a\u00f1o en curso.<\/p>\n\n\n\n<p>Asimismo, se dio a conocer que el fundamento de la decisi\u00f3n fue el siguiente:<\/p>\n\n\n\n<blockquote class=\"wp-block-quote is-layout-flow wp-block-quote-is-layout-flow\"><p>Dimos por ganadora la obra \u201cLazarus\u201d, firmada bajo el pseud\u00f3nimo de \u201cAlice Rahon\u201d, por la construcci\u00f3n de una voz inteligente y s\u00f3lida, que le permite establecer un di\u00e1logo fruct\u00edfero y productivo con la tradici\u00f3n literaria, dejando espacio para las variaciones de la belleza.\u00a0<\/p><\/blockquote>\n\n\n\n<p>La obra tiene una coherencia en su propia invenci\u00f3n y crea una notable dualidad entre pasado y presente, as\u00ed como un permanente cuestionamiento al lenguaje mismo.<\/p>\n\n\n\n<p>Tambi\u00e9n se mencion\u00f3 que la plica ganadora fue abierta ante la presencia de Luis Fernando Vald\u00e9s Cabello, Notario P\u00fablico n\u00famero 77 de la Ciudad de Saltillo, resultando ganador David Cruz Jim\u00e9nez, quien actualmente radica en Estados Unidos.<\/p>\n\n\n\n<p>El jurado final estuvo integrado por la poeta mexicana Mar\u00eda Baranda, la poeta argentina Mar\u00eda Negroni y el editor de poes\u00eda de nacionalidad chilena Vicente Undurraga.<\/p>\n\n\n\n<p>David Cruz Jim\u00e9nez (Costa Rica, 1982).- Ha sido acreedor de diversos reconocimientos, entre los que se encuentran el Premio Nacional Joven Creaci\u00f3n en Costa Rica, el Premio Mesoamericano de Poes\u00eda \u201cLuis Cardoza y Arag\u00f3n\u201d, y en el a\u00f1o 2020 fue finalista del International Poetry Price en Montreal, Canad\u00e1.&nbsp;&nbsp;<\/p>\n\n\n\n<p>Se inform\u00f3 que con el objetivo de llevar a cabo los compromisos con jurados, poetas y protocolos de premiaci\u00f3n que han sido afectados por diversas condiciones provocadas por la pandemia, se contempla un periodo excepcional de tiempo hasta el lanzamiento de la siguiente convocatoria.<\/p>\n","protected":false},"excerpt":{"rendered":"<p>La Secretar\u00eda de Cultura de Coahuila inform\u00f3 que el poeta David Cruz Jim\u00e9nez es el ganador de la Categor\u00eda de Obra In\u00e9dita, esto en la octava edici\u00f3n del Premio Internacional &hellip; <a href=\"https:\/\/lavereda.com.mx\/index.php\/2021\/05\/21\/escritor-de-costa-rica-gana-premio-de-poesia-manuel-acuna\/\" class=\"more-link\">Leer m\u00e1s<\/a><\/p>\n","protected":false},"author":1,"featured_media":1643,"comment_status":"open","ping_status":"open","sticky":false,"template":"","format":"standard","meta":{"footnotes":""},"categories":[5],"tags":[],"class_list":["post-1642","post","type-post","status-publish","format-standard","has-post-thumbnail","hentry","category-letras-y-libros","entry"],"_links":{"self":[{"href":"https:\/\/lavereda.com.mx\/index.php\/wp-json\/wp\/v2\/posts\/1642","targetHints":{"allow":["GET"]}}],"collection":[{"href":"https:\/\/lavereda.com.mx\/index.php\/wp-json\/wp\/v2\/posts"}],"about":[{"href":"https:\/\/lavereda.com.mx\/index.php\/wp-json\/wp\/v2\/types\/post"}],"author":[{"embeddable":true,"href":"https:\/\/lavereda.com.mx\/index.php\/wp-json\/wp\/v2\/users\/1"}],"replies":[{"embeddable":true,"href":"https:\/\/lavereda.com.mx\/index.php\/wp-json\/wp\/v2\/comments?post=1642"}],"version-history":[{"count":1,"href":"https:\/\/lavereda.com.mx\/index.php\/wp-json\/wp\/v2\/posts\/1642\/revisions"}],"predecessor-version":[{"id":1644,"href":"https:\/\/lavereda.com.mx\/index.php\/wp-json\/wp\/v2\/posts\/1642\/revisions\/1644"}],"wp:featuredmedia":[{"embeddable":true,"href":"https:\/\/lavereda.com.mx\/index.php\/wp-json\/wp\/v2\/media\/1643"}],"wp:attachment":[{"href":"https:\/\/lavereda.com.mx\/index.php\/wp-json\/wp\/v2\/media?parent=1642"}],"wp:term":[{"taxonomy":"category","embeddable":true,"href":"https:\/\/lavereda.com.mx\/index.php\/wp-json\/wp\/v2\/categories?post=1642"},{"taxonomy":"post_tag","embeddable":true,"href":"https:\/\/lavereda.com.mx\/index.php\/wp-json\/wp\/v2\/tags?post=1642"}],"curies":[{"name":"wp","href":"https:\/\/api.w.org\/{rel}","templated":true}]}}