{"id":164,"date":"2020-08-15T02:48:08","date_gmt":"2020-08-15T02:48:08","guid":{"rendered":"https:\/\/web.lavereda.com.mx\/?p=164"},"modified":"2020-08-15T02:48:08","modified_gmt":"2020-08-15T02:48:08","slug":"buscan-apoyar-el-trabajo-artesanal","status":"publish","type":"post","link":"https:\/\/lavereda.com.mx\/index.php\/2020\/08\/15\/buscan-apoyar-el-trabajo-artesanal\/","title":{"rendered":"Buscan apoyar el trabajo artesanal"},"content":{"rendered":"\n<p>Ha sido lanzado&nbsp;el Premio Estatal de Artesan\u00eda \u201cMis oficios, mis manos\u201d por la Secretar\u00eda&nbsp;de Cultura de Coahuila &nbsp;(SC) y en coordinaci\u00f3n con la Secretar\u00eda de Cultura del Gobierno de M\u00e9xico, con la intenci\u00f3n de apoyar e impulsar el trabajo de los artesanos coahuilenses.<\/p>\n\n\n\n<hr class=\"wp-block-separator\" id=\"system-readmore\"\/>\n\n\n\n<p>La titular de Cultura del Estado, Ana Sof\u00eda Garc\u00eda Camil, inform\u00f3 que este premio, adem\u00e1s de difundir y valorar el trabajo artesanal coahuilense en tiempos de contingencia, busca la preservaci\u00f3n de sus oficios como parte esencial del Patrimonio Cultural Inmaterial.<\/p>\n\n\n\n<p>\u201cM\u00e1s all\u00e1 del premio y del est\u00edmulo econ\u00f3mico, que es bastante bueno, buscamos rescatar este maravilloso oficio, darlo a conocer y propiciar entre la ciudadan\u00eda el conocimiento del saber artesanal coahuilense\u201d, dijo.<\/p>\n\n\n\n<p>&nbsp;Agreg\u00f3 que se podr\u00e1n inscribir piezas dentro de las siguientes categor\u00edas:<\/p>\n\n\n\n<p>&#8211;&nbsp;&nbsp;&nbsp;&nbsp;&nbsp;&nbsp; Tejido de fibras duras y semiduras (ixtle, palma, sotol, carrizo y otros).<\/p>\n\n\n\n<p>&#8211;&nbsp;&nbsp;&nbsp;&nbsp;&nbsp;&nbsp; Tejido de textiles (algod\u00f3n, lana y cerdas).<\/p>\n\n\n\n<p>&#8211;&nbsp;&nbsp;&nbsp;&nbsp;&nbsp;&nbsp; Tallado en madera.<\/p>\n\n\n\n<p>&#8211;&nbsp;&nbsp;&nbsp;&nbsp;&nbsp;&nbsp; Tallado en piedra.<\/p>\n\n\n\n<p>&#8211;&nbsp;&nbsp;&nbsp;&nbsp;&nbsp;&nbsp; Cer\u00e1mica, Talabarter\u00eda, Cartoner\u00eda y Papel, Herrer\u00eda, Orfebrer\u00eda (plata) y Artesan\u00eda Contempor\u00e1nea.<\/p>\n\n\n\n<p>\u201cMis oficios, mis manos\u201d cuenta con varios est\u00edmulos econ\u00f3micos; las ocho primeras categor\u00edas se har\u00e1n acreedoras a 12 mil 500 pesos cada una. Mientras que en Orfebrer\u00eda y Artesan\u00eda Contempor\u00e1nea, el premio es de 15 mil pesos para cada una.&nbsp;<\/p>\n\n\n\n<p>Garc\u00eda Camil detall\u00f3 que la fecha l\u00edmite para el registro ser\u00e1 el d\u00eda viernes 21 de agosto de 2020 a las 12:00 horas, al tiempo que mencion\u00f3 que se recibir\u00e1 la documentaci\u00f3n a trav\u00e9s del correo&nbsp;<a href=\"mailto:artesaniaseccoahuila@gmail.com\">artesaniaseccoahuila@gmail.com<\/a>.&nbsp;<\/p>\n\n\n\n<p>\u201cEl d\u00eda 9 del mes de septiembre daremos a conocer los resultados de la resoluci\u00f3n final, esto en las p\u00e1ginas oficiales de la dependencia\u201d, expres\u00f3, \u201ccabe destacar que las piezas ganadoras pasar\u00e1n a formar parte del acervo cultural de la Secretar\u00eda de Cultura del Estado de Coahuila\u201d.<\/p>\n\n\n\n<p>Para acceder a las bases completas, los interesados pueden acceder al siguiente link:&nbsp;<a href=\"https:\/\/coahuilacultura.gob.mx\/convocatorias\/concurso-mis-oficios-mis-manos-premio-estatal-de-artesania\/\">https:\/\/coahuilacultura.gob.mx\/convocatorias\/concurso-mis-oficios-mis-manos-premio-estatal-de-artesania\/<\/a><\/p>\n","protected":false},"excerpt":{"rendered":"<p>Ha sido lanzado el Premio Estatal de Artesan\u00eda \u201cMis oficios, mis manos\u201d por la Secretar\u00eda de Cultura de Coahuila  (SC) y en coordinaci\u00f3n con la Secretar\u00eda de Cultura del Gobierno de M\u00e9xico, con la intenci\u00f3n de apoyar e impulsar el trabajo de los artesanos coahuilenses.<\/p>\n","protected":false},"author":1,"featured_media":167,"comment_status":"open","ping_status":"open","sticky":false,"template":"","format":"standard","meta":{"footnotes":""},"categories":[3],"tags":[],"class_list":["post-164","post","type-post","status-publish","format-standard","has-post-thumbnail","hentry","category-artes-visuales","entry"],"_links":{"self":[{"href":"https:\/\/lavereda.com.mx\/index.php\/wp-json\/wp\/v2\/posts\/164","targetHints":{"allow":["GET"]}}],"collection":[{"href":"https:\/\/lavereda.com.mx\/index.php\/wp-json\/wp\/v2\/posts"}],"about":[{"href":"https:\/\/lavereda.com.mx\/index.php\/wp-json\/wp\/v2\/types\/post"}],"author":[{"embeddable":true,"href":"https:\/\/lavereda.com.mx\/index.php\/wp-json\/wp\/v2\/users\/1"}],"replies":[{"embeddable":true,"href":"https:\/\/lavereda.com.mx\/index.php\/wp-json\/wp\/v2\/comments?post=164"}],"version-history":[{"count":1,"href":"https:\/\/lavereda.com.mx\/index.php\/wp-json\/wp\/v2\/posts\/164\/revisions"}],"predecessor-version":[{"id":173,"href":"https:\/\/lavereda.com.mx\/index.php\/wp-json\/wp\/v2\/posts\/164\/revisions\/173"}],"wp:featuredmedia":[{"embeddable":true,"href":"https:\/\/lavereda.com.mx\/index.php\/wp-json\/wp\/v2\/media\/167"}],"wp:attachment":[{"href":"https:\/\/lavereda.com.mx\/index.php\/wp-json\/wp\/v2\/media?parent=164"}],"wp:term":[{"taxonomy":"category","embeddable":true,"href":"https:\/\/lavereda.com.mx\/index.php\/wp-json\/wp\/v2\/categories?post=164"},{"taxonomy":"post_tag","embeddable":true,"href":"https:\/\/lavereda.com.mx\/index.php\/wp-json\/wp\/v2\/tags?post=164"}],"curies":[{"name":"wp","href":"https:\/\/api.w.org\/{rel}","templated":true}]}}