{"id":1639,"date":"2021-05-21T02:20:50","date_gmt":"2021-05-21T02:20:50","guid":{"rendered":"http:\/\/lavereda.com.mx\/?p=1639"},"modified":"2021-05-21T02:20:52","modified_gmt":"2021-05-21T02:20:52","slug":"mexico-exporta-grandes-cantantes-de-opera","status":"publish","type":"post","link":"https:\/\/lavereda.com.mx\/index.php\/2021\/05\/21\/mexico-exporta-grandes-cantantes-de-opera\/","title":{"rendered":"M\u00e9xico exporta grandes cantantes de \u00f3pera"},"content":{"rendered":"\n<p>Hace algunos a\u00f1os el tenor Fernando de la Mora, en una rueda de prensa en Torre\u00f3n, dijo que M\u00e9xico se distingu\u00eda por ser un buen exportador de cantantes de \u00f3pera. Nombr\u00f3 a varios artistas que estaban desarrollando su carera con \u00e9xito en el extranjero. Eran tiempos en que la Camerata de Coahuila presentaba una o dos galas de \u00f3pera al a\u00f1o.<\/p>\n\n\n\n<p>Record\u00e9 la frase cuando recientemente se anunci\u00f3 que el tenor mexicano Javier Camarena recibi\u00f3 el reconocimiento como Mejor Cantante Masculino 2021, en los International Opera Awards, premio que es considerado por los expertos como los \u00d3scar de la \u00f3pera.<\/p>\n\n\n\n<p>Camarena, originario de Veruacruz, dedic\u00f3 este reconocimiento&nbsp;a los artistas que se enfrentan al confinamiento por la COVID-19 y a quienes contin\u00faan su labor en forma virtual. Un acto sin duda de empat\u00eda, porque uno de los sectores m\u00e1s afectados durante la pandemia ha sido el del arte y la cultura.<\/p>\n\n\n\n<p>En todo un a\u00f1o vimos caer telones y muchos aun no se han vuelto a levantar. Se cerraron las taquillas de todos los teatros del mundo y comenz\u00f3 una expansiva muestra de talento art\u00edstico en la red, incluyendo a las grandes compa\u00f1\u00edas del Met de Nueva York, las salas de \u00f3pera de Berl\u00edn, Inglaterra o Francia.<\/p>\n\n\n\n<p>Por todo esto cobra gran importancia la noticia de que un joven tenor mexicano, de 45 a\u00f1os, escale al primer lugar de los \u00d3pera Awards. Lo mejor: Pudimos disfrutar de su voz en el 2015, en una noche de gala que organiz\u00f3 la Camerata de Coahuila en el Teatro Isauro Mart\u00ednez.<\/p>\n\n\n\n<p>En esa ocasi\u00f3n tuve la oportunidad de escucharlo hablar con una gran sencillez y pasi\u00f3n sobre la m\u00fasica, el canto y el arte en M\u00e9xico. Se dirigi\u00f3 a ni\u00f1os y j\u00f3venes en un ensayo con p\u00fablico, previo al concierto. Tal vez muchos ignoraban que estaban frente a uno de los pocos cantantes en la historia que ha obsequiado un \u201cbis\u201d en diferentes ocasiones, durante sus conciertos en el Teatro Real de Madrid.&nbsp;<\/p>\n\n\n\n<blockquote class=\"wp-block-quote is-layout-flow wp-block-quote-is-layout-flow\"><p>Camarena es hoy por hoy uno de los cantantes l\u00edricos m\u00e1s exitosos del momento, la prensa internacional ha dicho que tiene una voz \u201cpura y brillante\u201d.\u00a0\u00a0Es una suerte que lo hayamos tenido en Torre\u00f3n en el 2015 y en 2016 cantanto canciones de Cri Cri para p\u00fablico infantil.<\/p><\/blockquote>\n\n\n\n<p>Pero sobre todo, en estos momentos de incertidubmbre econ\u00f3mica, cuando vivimos los estragos de la pandemia, en v\u00edsperas de una elecci\u00f3n que no nos est\u00e1 dejando un buen sabor de boca, saber que M\u00e9xico es noticia internacional gracias al talento de un tenor, es en verdad, reconfortante.<\/p>\n\n\n\n<p>M\u00e9xico no s\u00f3lo exporta futbol, mala pol\u00edtica o im\u00e1genes de la m\u00e1s atroz corrupci\u00f3n.<\/p>\n\n\n\n<p><em>Foto: Cortes\u00eda Camerata de Coahuila.<\/em><\/p>\n\n\n\n<p>Twitter: @Lavargasadri.<\/p>\n","protected":false},"excerpt":{"rendered":"<p>Hace algunos a\u00f1os el tenor Fernando de la Mora, en una rueda de prensa en Torre\u00f3n, dijo que M\u00e9xico se distingu\u00eda por ser un buen exportador de cantantes de \u00f3pera. &hellip; <a href=\"https:\/\/lavereda.com.mx\/index.php\/2021\/05\/21\/mexico-exporta-grandes-cantantes-de-opera\/\" class=\"more-link\">Leer m\u00e1s<\/a><\/p>\n","protected":false},"author":9,"featured_media":1640,"comment_status":"open","ping_status":"open","sticky":false,"template":"","format":"standard","meta":{"footnotes":""},"categories":[9],"tags":[],"class_list":["post-1639","post","type-post","status-publish","format-standard","has-post-thumbnail","hentry","category-opinion","entry"],"_links":{"self":[{"href":"https:\/\/lavereda.com.mx\/index.php\/wp-json\/wp\/v2\/posts\/1639","targetHints":{"allow":["GET"]}}],"collection":[{"href":"https:\/\/lavereda.com.mx\/index.php\/wp-json\/wp\/v2\/posts"}],"about":[{"href":"https:\/\/lavereda.com.mx\/index.php\/wp-json\/wp\/v2\/types\/post"}],"author":[{"embeddable":true,"href":"https:\/\/lavereda.com.mx\/index.php\/wp-json\/wp\/v2\/users\/9"}],"replies":[{"embeddable":true,"href":"https:\/\/lavereda.com.mx\/index.php\/wp-json\/wp\/v2\/comments?post=1639"}],"version-history":[{"count":1,"href":"https:\/\/lavereda.com.mx\/index.php\/wp-json\/wp\/v2\/posts\/1639\/revisions"}],"predecessor-version":[{"id":1641,"href":"https:\/\/lavereda.com.mx\/index.php\/wp-json\/wp\/v2\/posts\/1639\/revisions\/1641"}],"wp:featuredmedia":[{"embeddable":true,"href":"https:\/\/lavereda.com.mx\/index.php\/wp-json\/wp\/v2\/media\/1640"}],"wp:attachment":[{"href":"https:\/\/lavereda.com.mx\/index.php\/wp-json\/wp\/v2\/media?parent=1639"}],"wp:term":[{"taxonomy":"category","embeddable":true,"href":"https:\/\/lavereda.com.mx\/index.php\/wp-json\/wp\/v2\/categories?post=1639"},{"taxonomy":"post_tag","embeddable":true,"href":"https:\/\/lavereda.com.mx\/index.php\/wp-json\/wp\/v2\/tags?post=1639"}],"curies":[{"name":"wp","href":"https:\/\/api.w.org\/{rel}","templated":true}]}}