{"id":1636,"date":"2021-05-20T00:19:06","date_gmt":"2021-05-20T00:19:06","guid":{"rendered":"http:\/\/lavereda.com.mx\/?p=1636"},"modified":"2021-05-20T00:19:08","modified_gmt":"2021-05-20T00:19:08","slug":"canal-22-estrena-nueva-programacion","status":"publish","type":"post","link":"https:\/\/lavereda.com.mx\/index.php\/2021\/05\/20\/canal-22-estrena-nueva-programacion\/","title":{"rendered":"Canal 22 estrena nueva programaci\u00f3n"},"content":{"rendered":"\n<ul class=\"wp-block-list\"><li><strong>Programas emblem\u00e1ticos, series, ciclos de cine, c\u00e1psulas sobre naturaleza, ciencia, artes audiovisuales y diversos aspectos de la cultura, adem\u00e1s de producciones extranjeras, se podr\u00e1n disfrutar a partir de este mes de mayo\u00a0<\/strong><\/li><\/ul>\n\n\n\n<p>Ciudad de M\u00e9xico.-\u00a0Como parte de \u201cContigo en la distancia\u201d, Canal 22, instituci\u00f3n de la Secretar\u00eda de Cultura, presenta una programaci\u00f3n con nuevas temporadas de producciones emblem\u00e1ticas, as\u00ed como la incorporaci\u00f3n de diversos contenidos y de un nuevo dise\u00f1o de imagen de pantalla, a trav\u00e9s de sus tres se\u00f1ales: 22.1, 22.2 y Canal Internacional.\u00a0<\/p>\n\n\n\n<p>A partir del 20 de mayo, se estrenar\u00e1n nuevas temporadas de producciones que se han consolidado entre el gusto de las audiencia como&nbsp;<em>Me canso ganso<\/em>, conducido por Fernando Rivera Calder\u00f3n, los jueves a las 21:30 horas;&nbsp;<em>La dichosa palabra,<\/em>&nbsp;con Laura Garc\u00eda, Pablo Boullosa, Eduardo Casar y Germ\u00e1n Ortega, los s\u00e1bados a las 20:00 horas;&nbsp;<em>Algarab\u00eda TV<\/em>, los viernes a las 21:30 horas, con Fernando y Pilar Montes de Oca y Victoria Garc\u00eda Jolly, y<em>Pantalla de cristal<\/em>, bajo la conducci\u00f3n de Jos\u00e9 Antonio Fern\u00e1ndez, los mi\u00e9rcoles a las 21:30 horas.&nbsp;<\/p>\n\n\n\n<p>De la misma manera, a partir de esta fecha y hasta el mes de septiembre, a trav\u00e9s de Cinema 22 se transmitir\u00e1 cada jueves&nbsp;<em>Estudios Churubusco presenta,&nbsp;<\/em>espacio donde se proyectar\u00e1n reconocidas cintas coproducidas por la \u201cf\u00e1brica de cine<em>\u201d<\/em>, entre las cuales se encuentran:<em>&nbsp;<\/em><em>La paloma y el lobo<\/em>,<em>Almacenados<\/em>&nbsp;y&nbsp;<em>La cebra<\/em>, entre otras.&nbsp;<\/p>\n\n\n\n<p>Adem\u00e1s, Canal 22 estrenar\u00e1 nuevas temporadas de&nbsp;<em>Tratos y retratos<\/em>, el emblem\u00e1tico programa conducido por<em>&nbsp;<\/em>Silvia Lemus;&nbsp;<em>La oveja el\u00e9ctrica,&nbsp;<\/em>el programa de ciencia y pensamiento de M\u00e9xico, conducido por el Premio Nacional de Periodismo, Jos\u00e9 Gordon, y de&nbsp;la serie<em>&nbsp;El gabinete de curiosidades del Dr. Zagal<\/em>,<em>&nbsp;<\/em>en la que<em>&nbsp;<\/em>H\u00e9ctor Zagal, alias&nbsp;<em>Dr. Zagal<\/em>, analiza la cultura desde diversas perspectivas como parte de la vida cotidiana.&nbsp;<\/p>\n\n\n\n<p>Asimismo,&nbsp;<em>Conversando de literatura<\/em>, una coproducci\u00f3n de Cepropie-UAM, inicia el 1 de junio, mientras que&nbsp;<em>La chora TV<\/em>,<em>&nbsp;<\/em>una producci\u00f3n de Canal 44, bajo la conducci\u00f3n de los moneros&nbsp;<em>Jis<\/em>&nbsp;y&nbsp;<em>Trino<\/em>, se estrena el pr\u00f3ximo 5 de junio. Tambi\u00e9n, se avecinan los estrenos de<em>&nbsp;La Revoluci\u00f3n y los Artistas<\/em>,<em>&nbsp;<\/em>una serie del cineasta Gabriel Retes;&nbsp;<em>Lobo del lobo,&nbsp;<\/em>una coproducci\u00f3n con Pacto Films, Brasil;<em>&nbsp;<\/em>y<em>&nbsp;El Vinil&nbsp;<\/em>y<em>&nbsp;\u00c9pocas<\/em>, serie de<em>&nbsp;<\/em>c\u00e1psulas de Glen Rodrigo Maga\u00f1a.<\/p>\n\n\n\n<p>Como parte de la programaci\u00f3n internacional que presentar\u00e1 Canal 22, se transmitir\u00e1n<em>&nbsp;El terrible<\/em>, serie de la televisora Rusia TV dedicada a la figura del zar Iv\u00e1n IV;&nbsp;<em>Aute Retrato<\/em>, un documental de Gaizka Urresti acerca del artista espa\u00f1ol Luis Eduardo Aute;&nbsp;<em>ZeroZeroZero<\/em>,serie basada en el libro hom\u00f3nimo de Roberto Saviano, y<em>&nbsp;El colapso<\/em>,miniserie que presenta los posibles escenarios ante el desplome de la sociedad actual.<\/p>\n\n\n\n<p>Canal 22, en colaboraci\u00f3n con Fundaci\u00f3n Jap\u00f3n en M\u00e9xico, estrenar\u00e1 las producciones:&nbsp;<em>Acuario Kamo, el regalo de las medusas<\/em>;&nbsp;<em>Maestros artesanos de Jap\u00f3n<\/em>; y&nbsp;<em>Bravo to music<\/em>, entre otras. Estas se suman a las series que se estrenaron en d\u00edas recientes:&nbsp;<em>Explorando Jap\u00f3n<\/em>, acera de la apertura sociocultural en el pa\u00eds asi\u00e1tico y su fusi\u00f3n con el resto del mundo; y&nbsp;<em>Desde el cielo<\/em>, que muestra los encantos de varios rincones de Jap\u00f3n desde una novedosa perspectiva a\u00e9rea.<em>&nbsp;&nbsp;<\/em><\/p>\n\n\n\n<p>Adem\u00e1s, en lo que va del a\u00f1o, la televisora ha estrenado nuevos cap\u00edtulos&nbsp;&nbsp;de producciones como&nbsp;<em>Debate 22<\/em>, espacio de reflexi\u00f3n cultural, plural y cr\u00edtico, bajo la conducci\u00f3n de los periodistas Javier Aranda Luna, Gaby Tlaseca, Kimberly Armengol, Jacaranda Correa y \u00c1lvaro Cueva, de lunes a viernes a las 21:00 horas;&nbsp;<em>Por si las moscas<\/em>, los s\u00e1bados a las 18:30 horas, conducido por Guillermo Osorno; y&nbsp;<em>Semanario N22<\/em>, una revista sabatina de corte cultural conducida por Huemanzin Rodr\u00edguez, los s\u00e1bados a las 18:00 horas; adem\u00e1s de la transmisi\u00f3n ininterrumpida de&nbsp;<em>Noticias 22<\/em>, el \u00fanico noticiario cultural del pa\u00eds, de lunes a viernes a las 20:00 horas.&nbsp;<\/p>\n\n\n\n<p>As\u00ed como nuevos cap\u00edtulos de&nbsp;<em>Chamuco TV<\/em>, en coproducci\u00f3n con TV UNAM y Canal Once, programa de periodismo libre y cr\u00edtico, donde la caricatura es el recurso pl\u00e1stico, conducido por los periodistas Rafael Barajas (<em>El Fisg\u00f3n<\/em>), Antonio Helguera (<em>Helguera<\/em>), Jos\u00e9 Hern\u00e1ndez (<em>Monero Hern\u00e1ndez<\/em>), Cintia Bolio y Rafael Pineda (<em>Rap\u00e9<\/em>).&nbsp;<\/p>\n\n\n\n<p>De la misma manera, a partir de abril se estren\u00f3&nbsp;<em>El camino del paciente<\/em>, serie documental que expone casos cl\u00ednicos de algunos de los padecimientos m\u00e1s comunes en M\u00e9xico.&nbsp;Conducida por&nbsp;Nora Ang\u00e9lica Salda\u00f1a Gait\u00e1n, con la participaci\u00f3n de la m\u00e9dica Mar\u00eda Antonieta Ponce Mercado y el m\u00e9dico Jorge Ren\u00e9 Oropeza Morales.&nbsp;<\/p>\n\n\n\n<p>El primer domingo de cada mes, a las 22:00 horas, Canal 22 en coproducci\u00f3n con TV UNAM transmite&nbsp;<em>Encuadre Iberoamericano<\/em>, conducido por los cr\u00edticos de cine Fernando Solorzano y Leonardo Garc\u00eda Tsao.&nbsp;<\/p>\n\n\n\n<p>Por su parte, los jueves a las 18:00 horas, se transmite&nbsp;<em>Catarsis 22<\/em>, conducido por Pedro K\u00f3minik, un espacio de interlocuci\u00f3n y discusi\u00f3n sobre la opini\u00f3n p\u00fablica en M\u00e9xico. A partir de su segunda temporada se transform\u00f3 en el primer contenido multiplataforma de la televisora al estrenarse en vivo y simult\u00e1neamente por la se\u00f1al abierta del canal en territorio nacional y la se\u00f1al internacional, Facebook Live, Periscope y en&nbsp;<em>streaming<\/em>&nbsp;en el portal&nbsp;<em>web<\/em>&nbsp;del canal. Son los propios usuarios de estas redes quienes aportan a la conversaci\u00f3n en pantalla con sus comentarios, haciendo de este programa un espacio de interlocuci\u00f3n y un pretexto para discutir la opini\u00f3n p\u00fablica en M\u00e9xico.&nbsp;<\/p>\n\n\n\n<p>Por otro lado, desde el 6 de marzo,<em>&nbsp;<\/em>en colaboraci\u00f3n con la asociaci\u00f3n civil Mujeres en el Cine y la TV, A.C., Canal 22 realiza la transmisi\u00f3n del ciclo<em>Mujeres en el Cine y la Televisi\u00f3n<\/em>, dentro de&nbsp;Zona M, un espacio para al s\u00e9ptimo arte realizado por cineastas mujeres.&nbsp;<\/p>\n\n\n\n<p>A trav\u00e9s de la barra infantil de Canal 22, Clic-Clac, se estren\u00f3 en abril&nbsp;<em>Ventanas al Mundo<\/em>,&nbsp;una coproducci\u00f3n con&nbsp;la Red de Televisoras de Am\u00e9rica Latina (TAL)&nbsp;en la que, a trav\u00e9s de una serie de micro cortometrajes de no ficci\u00f3n, se busca conocer la mirada de las infancias de distintos pa\u00edses acerca del contexto actual.<em>&nbsp;<\/em><\/p>\n\n\n\n<p>De igual manera, desde abril, los s\u00e1bados a las 21:00 horas se transmite<em>&nbsp;Cosm\u00f3dromo. Ensayos para TV<\/em>,<em>&nbsp;<\/em>en donde<em>&nbsp;<\/em>a trav\u00e9s de g\u00e9neros creativos audiovisuales se busca crear una reflexi\u00f3n art\u00edstica, con la conducci\u00f3n del artista visual Otto C\u00e1zares.&nbsp;<\/p>\n\n\n\n<p>Canal 22 tambi\u00e9n ha apostado por formatos breves como c\u00e1psulas, tales como&nbsp;<em>Las c\u00e1psulas del Gabinete de curiosidades del Dr. Zagal<\/em>;&nbsp;<em>Feliz cumplea\u00f1os<\/em>, del monero Jos\u00e9 Hern\u00e1ndez (se transmite al finalizar<em>&nbsp;Chamuco TV<\/em>);&nbsp;<em>Mujeres Latinoam\u00e9rica<\/em>;&nbsp;<em>Soy lectora<\/em>;&nbsp;<em>C\u00e1psulas Arte de Lourdes Sosa&nbsp;<\/em>y&nbsp;<em>Ciencia en corto<\/em>.&nbsp;<\/p>\n\n\n\n<p>Por su parte, en su se\u00f1al Internacional, Canal 22 estren\u00f3 la serie&nbsp;<em>MexLA, una mirada de los mexicanos<\/em>, en el marco del 17 aniversario de Canal 22 Internacional; se trata de un espacio para brindar orientaci\u00f3n, informaci\u00f3n y entretenimiento para los mexicanos, los mexico-estadounidenses y los hispanos que radican en Estados Unidos.&nbsp;<\/p>\n","protected":false},"excerpt":{"rendered":"<p>Programas emblem\u00e1ticos, series, ciclos de cine, c\u00e1psulas sobre naturaleza, ciencia, artes audiovisuales y diversos aspectos de la cultura, adem\u00e1s de producciones extranjeras, se podr\u00e1n disfrutar a partir de este mes &hellip; <a href=\"https:\/\/lavereda.com.mx\/index.php\/2021\/05\/20\/canal-22-estrena-nueva-programacion\/\" class=\"more-link\">Leer m\u00e1s<\/a><\/p>\n","protected":false},"author":1,"featured_media":1637,"comment_status":"open","ping_status":"open","sticky":false,"template":"","format":"standard","meta":{"footnotes":""},"categories":[7,8],"tags":[],"class_list":["post-1636","post","type-post","status-publish","format-standard","has-post-thumbnail","hentry","category-entretenimiento","category-sociedad","entry"],"_links":{"self":[{"href":"https:\/\/lavereda.com.mx\/index.php\/wp-json\/wp\/v2\/posts\/1636","targetHints":{"allow":["GET"]}}],"collection":[{"href":"https:\/\/lavereda.com.mx\/index.php\/wp-json\/wp\/v2\/posts"}],"about":[{"href":"https:\/\/lavereda.com.mx\/index.php\/wp-json\/wp\/v2\/types\/post"}],"author":[{"embeddable":true,"href":"https:\/\/lavereda.com.mx\/index.php\/wp-json\/wp\/v2\/users\/1"}],"replies":[{"embeddable":true,"href":"https:\/\/lavereda.com.mx\/index.php\/wp-json\/wp\/v2\/comments?post=1636"}],"version-history":[{"count":1,"href":"https:\/\/lavereda.com.mx\/index.php\/wp-json\/wp\/v2\/posts\/1636\/revisions"}],"predecessor-version":[{"id":1638,"href":"https:\/\/lavereda.com.mx\/index.php\/wp-json\/wp\/v2\/posts\/1636\/revisions\/1638"}],"wp:featuredmedia":[{"embeddable":true,"href":"https:\/\/lavereda.com.mx\/index.php\/wp-json\/wp\/v2\/media\/1637"}],"wp:attachment":[{"href":"https:\/\/lavereda.com.mx\/index.php\/wp-json\/wp\/v2\/media?parent=1636"}],"wp:term":[{"taxonomy":"category","embeddable":true,"href":"https:\/\/lavereda.com.mx\/index.php\/wp-json\/wp\/v2\/categories?post=1636"},{"taxonomy":"post_tag","embeddable":true,"href":"https:\/\/lavereda.com.mx\/index.php\/wp-json\/wp\/v2\/tags?post=1636"}],"curies":[{"name":"wp","href":"https:\/\/api.w.org\/{rel}","templated":true}]}}